{"id":118691,"date":"2023-05-30T16:53:25","date_gmt":"2023-05-30T19:53:25","guid":{"rendered":"https:\/\/eldiariodesanpedro.com.ar\/sitio\/?p=118691"},"modified":"2023-05-30T16:53:27","modified_gmt":"2023-05-30T19:53:27","slug":"atencion-y-asesoramiento-ante-el-incumplimiento-de-la-cuota-alimentaria","status":"publish","type":"post","link":"https:\/\/eldiariodesanpedro.com.ar\/sitio\/atencion-y-asesoramiento-ante-el-incumplimiento-de-la-cuota-alimentaria\/","title":{"rendered":"Atenci\u00f3n y asesoramiento ante el incumplimiento de la cuota alimentaria"},"content":{"rendered":"<!-- VideographyWP Plugin Message: Automatic video embedding prevented by plugin options. -->\n\n<p>La Municipalidad de San Pedro informa que los Centros de Acceso a la Justicia (CAJ) realizar\u00e1n el primero de una serie de operativos territoriales de atenci\u00f3n y asesoramiento sobre incumplimiento de la cuota alimentaria.<\/p>\n\n\n\n<p>El mismo se llevar\u00e1 a cabo el pr\u00f3ximo lunes 5 de junio, de 10 a 14 hs. en el CIC (Centro Integrador Comunitario) ubicado en las calles Hermano Indio y Casella y contar\u00e1 con la presencia de la Directora Nacional de Promoci\u00f3n y Fortalecimiento para el Acceso a la Justicia, Gabriela Carpineti, junto con equipos de abogadas y abogados capacitados especialmente en la problem\u00e1tica. Tambi\u00e9n estar\u00e1n presentes profesionales de la L\u00ednea 137, especializada en violencia familiar y sexual, para poder acompa\u00f1ar cualquier emergente vinculado con esas tem\u00e1ticas.<\/p>\n\n\n\n<p>Los CAJ brindar\u00e1n atenci\u00f3n para el cumplimiento del derecho de ni\u00f1os, ni\u00f1as y adolescentes de contar con la obligaci\u00f3n alimentaria por parte de sus padres y\/o madres. En estos operativos se asesorar\u00e1 sobre las alternativas (judiciales, administrativas o a trav\u00e9s de mediaciones) para garantizar el pago de la cuota alimentaria y, en caso de ser necesario, se derivar\u00e1 a la Red Federal de Patrocinio Jur\u00eddico Gratuito para su judicializaci\u00f3n.<\/p>\n","protected":false},"excerpt":{"rendered":"<p>La Municipalidad de San Pedro informa que los Centros de Acceso a la Justicia (CAJ) realizar\u00e1n el primero de una serie de operativos territoriales de atenci\u00f3n y asesoramiento sobre incumplimiento de la cuota alimentaria. El mismo se llevar\u00e1 a cabo el pr\u00f3ximo lunes 5 de junio, de 10 a 14 hs. en el CIC (Centro [&hellip;]<\/p>\n","protected":false},"author":4,"featured_media":118692,"comment_status":"closed","ping_status":"closed","sticky":false,"template":"","format":"standard","meta":{"om_disable_all_campaigns":false,"_jetpack_memberships_contains_paid_content":false,"footnotes":""},"categories":[50,101,2],"tags":[4208,197,696,19],"class_list":["post-118691","post","type-post","status-publish","format-standard","has-post-thumbnail","hentry","category-destacadas","category-interes-general-locales","category-locales","tag-atencion-y-asesoramiento-ante-el-incumplimiento-de-la-cuota-alimentaria","tag-buenos-aires","tag-interes-general","tag-san-pedro"],"aioseo_notices":[],"gutentor_comment":0,"jetpack_featured_media_url":"https:\/\/eldiariodesanpedro.com.ar\/sitio\/wp-content\/uploads\/2023\/05\/opcuota_lomas_3.jpg","jetpack_shortlink":"https:\/\/wp.me\/p6RhLt-uSn","jetpack_sharing_enabled":true,"_links":{"self":[{"href":"https:\/\/eldiariodesanpedro.com.ar\/sitio\/wp-json\/wp\/v2\/posts\/118691","targetHints":{"allow":["GET"]}}],"collection":[{"href":"https:\/\/eldiariodesanpedro.com.ar\/sitio\/wp-json\/wp\/v2\/posts"}],"about":[{"href":"https:\/\/eldiariodesanpedro.com.ar\/sitio\/wp-json\/wp\/v2\/types\/post"}],"author":[{"embeddable":true,"href":"https:\/\/eldiariodesanpedro.com.ar\/sitio\/wp-json\/wp\/v2\/users\/4"}],"replies":[{"embeddable":true,"href":"https:\/\/eldiariodesanpedro.com.ar\/sitio\/wp-json\/wp\/v2\/comments?post=118691"}],"version-history":[{"count":1,"href":"https:\/\/eldiariodesanpedro.com.ar\/sitio\/wp-json\/wp\/v2\/posts\/118691\/revisions"}],"predecessor-version":[{"id":118693,"href":"https:\/\/eldiariodesanpedro.com.ar\/sitio\/wp-json\/wp\/v2\/posts\/118691\/revisions\/118693"}],"wp:featuredmedia":[{"embeddable":true,"href":"https:\/\/eldiariodesanpedro.com.ar\/sitio\/wp-json\/wp\/v2\/media\/118692"}],"wp:attachment":[{"href":"https:\/\/eldiariodesanpedro.com.ar\/sitio\/wp-json\/wp\/v2\/media?parent=118691"}],"wp:term":[{"taxonomy":"category","embeddable":true,"href":"https:\/\/eldiariodesanpedro.com.ar\/sitio\/wp-json\/wp\/v2\/categories?post=118691"},{"taxonomy":"post_tag","embeddable":true,"href":"https:\/\/eldiariodesanpedro.com.ar\/sitio\/wp-json\/wp\/v2\/tags?post=118691"}],"curies":[{"name":"wp","href":"https:\/\/api.w.org\/{rel}","templated":true}]}}