{"id":118472,"date":"2023-05-22T13:38:25","date_gmt":"2023-05-22T16:38:25","guid":{"rendered":"https:\/\/eldiariodesanpedro.com.ar\/sitio\/?p=118472"},"modified":"2023-05-22T13:38:27","modified_gmt":"2023-05-22T16:38:27","slug":"campana-de-vacunacion-para-caninos-y-felinos-por-caso-positivo-de-rabia-en-murcielago","status":"publish","type":"post","link":"https:\/\/eldiariodesanpedro.com.ar\/sitio\/campana-de-vacunacion-para-caninos-y-felinos-por-caso-positivo-de-rabia-en-murcielago\/","title":{"rendered":"Campa\u00f1a de Vacunaci\u00f3n para caninos y felinos por caso positivo de rabia en murci\u00e9lago"},"content":{"rendered":"<!-- VideographyWP Plugin Message: Automatic video embedding prevented by plugin options. -->\n\n<p>La Municipalidad de San Pedro, a trav\u00e9s del Departamento Canino dependiente de la Secretar\u00eda de Salud informa que, ante la aparici\u00f3n de un caso positivo de rabia en murci\u00e9lago, se llevar\u00e1 a cabo una campa\u00f1a de vacunaci\u00f3n para perros y gatos en la zona que ser\u00e1 de car\u00e1cter obligatorio.<\/p>\n\n\n\n<p>La actividad se desarrollar\u00e1 el martes 23 de mayo desde las 8.30 hs en la zona de calle An\u00edbal de Ant\u00f3n cuadrante Ruiz Moreno, Chivilcoy, Oliveira C\u00e9zar y Uruguay.<\/p>\n\n\n\n<p>Se solicita a los vecinos y vecinas tener preparadas a sus mascotas con collar, correa y bozal en caso de caninos y en bolso o manta los felinos para cuando pase el personal del Departamento Canino por la zona.<\/p>\n\n\n\n<figure class=\"wp-block-image size-full\"><img decoding=\"async\" width=\"630\" height=\"630\" data-attachment-id=\"118473\" data-permalink=\"https:\/\/eldiariodesanpedro.com.ar\/sitio\/campana-de-vacunacion-para-caninos-y-felinos-por-caso-positivo-de-rabia-en-murcielago\/imagen-de-whatsapp-2023-05-22-a-las-11-37-21\/\" data-orig-file=\"https:\/\/eldiariodesanpedro.com.ar\/sitio\/wp-content\/uploads\/2023\/05\/Imagen-de-WhatsApp-2023-05-22-a-las-11.37.21.jpg\" data-orig-size=\"630,630\" data-comments-opened=\"0\" data-image-meta=\"{&quot;aperture&quot;:&quot;0&quot;,&quot;credit&quot;:&quot;&quot;,&quot;camera&quot;:&quot;&quot;,&quot;caption&quot;:&quot;&quot;,&quot;created_timestamp&quot;:&quot;0&quot;,&quot;copyright&quot;:&quot;&quot;,&quot;focal_length&quot;:&quot;0&quot;,&quot;iso&quot;:&quot;0&quot;,&quot;shutter_speed&quot;:&quot;0&quot;,&quot;title&quot;:&quot;&quot;,&quot;orientation&quot;:&quot;0&quot;}\" data-image-title=\"Imagen-de-WhatsApp-2023-05-22-a-las-11.37.21\" data-image-description=\"\" data-image-caption=\"\" data-large-file=\"https:\/\/eldiariodesanpedro.com.ar\/sitio\/wp-content\/uploads\/2023\/05\/Imagen-de-WhatsApp-2023-05-22-a-las-11.37.21.jpg\" data-src=\"https:\/\/eldiariodesanpedro.com.ar\/sitio\/wp-content\/uploads\/2023\/05\/Imagen-de-WhatsApp-2023-05-22-a-las-11.37.21.jpg\" alt=\"\" class=\"wp-image-118473 lazyload\" data-srcset=\"https:\/\/eldiariodesanpedro.com.ar\/sitio\/wp-content\/uploads\/2023\/05\/Imagen-de-WhatsApp-2023-05-22-a-las-11.37.21.jpg 630w, https:\/\/eldiariodesanpedro.com.ar\/sitio\/wp-content\/uploads\/2023\/05\/Imagen-de-WhatsApp-2023-05-22-a-las-11.37.21-300x300.jpg 300w, https:\/\/eldiariodesanpedro.com.ar\/sitio\/wp-content\/uploads\/2023\/05\/Imagen-de-WhatsApp-2023-05-22-a-las-11.37.21-150x150.jpg 150w\" data-sizes=\"(max-width: 630px) 100vw, 630px\" src=\"data:image\/svg+xml;base64,PHN2ZyB3aWR0aD0iMSIgaGVpZ2h0PSIxIiB4bWxucz0iaHR0cDovL3d3dy53My5vcmcvMjAwMC9zdmciPjwvc3ZnPg==\" style=\"--smush-placeholder-width: 630px; --smush-placeholder-aspect-ratio: 630\/630;\" \/><\/figure>\n","protected":false},"excerpt":{"rendered":"<p>La Municipalidad de San Pedro, a trav\u00e9s del Departamento Canino dependiente de la Secretar\u00eda de Salud informa que, ante la aparici\u00f3n de un caso positivo de rabia en murci\u00e9lago, se llevar\u00e1 a cabo una campa\u00f1a de vacunaci\u00f3n para perros y gatos en la zona que ser\u00e1 de car\u00e1cter obligatorio. La actividad se desarrollar\u00e1 el martes [&hellip;]<\/p>\n","protected":false},"author":4,"featured_media":96562,"comment_status":"closed","ping_status":"closed","sticky":false,"template":"","format":"standard","meta":{"om_disable_all_campaigns":false,"_jetpack_memberships_contains_paid_content":false,"footnotes":""},"categories":[101,2],"tags":[],"class_list":["post-118472","post","type-post","status-publish","format-standard","has-post-thumbnail","hentry","category-interes-general-locales","category-locales"],"aioseo_notices":[],"gutentor_comment":0,"jetpack_featured_media_url":"https:\/\/eldiariodesanpedro.com.ar\/sitio\/wp-content\/uploads\/2021\/07\/Purina-Que-vacunas-necesita-mi-gatito.jpg","jetpack_shortlink":"https:\/\/wp.me\/p6RhLt-uOQ","jetpack_sharing_enabled":true,"_links":{"self":[{"href":"https:\/\/eldiariodesanpedro.com.ar\/sitio\/wp-json\/wp\/v2\/posts\/118472","targetHints":{"allow":["GET"]}}],"collection":[{"href":"https:\/\/eldiariodesanpedro.com.ar\/sitio\/wp-json\/wp\/v2\/posts"}],"about":[{"href":"https:\/\/eldiariodesanpedro.com.ar\/sitio\/wp-json\/wp\/v2\/types\/post"}],"author":[{"embeddable":true,"href":"https:\/\/eldiariodesanpedro.com.ar\/sitio\/wp-json\/wp\/v2\/users\/4"}],"replies":[{"embeddable":true,"href":"https:\/\/eldiariodesanpedro.com.ar\/sitio\/wp-json\/wp\/v2\/comments?post=118472"}],"version-history":[{"count":1,"href":"https:\/\/eldiariodesanpedro.com.ar\/sitio\/wp-json\/wp\/v2\/posts\/118472\/revisions"}],"predecessor-version":[{"id":118474,"href":"https:\/\/eldiariodesanpedro.com.ar\/sitio\/wp-json\/wp\/v2\/posts\/118472\/revisions\/118474"}],"wp:featuredmedia":[{"embeddable":true,"href":"https:\/\/eldiariodesanpedro.com.ar\/sitio\/wp-json\/wp\/v2\/media\/96562"}],"wp:attachment":[{"href":"https:\/\/eldiariodesanpedro.com.ar\/sitio\/wp-json\/wp\/v2\/media?parent=118472"}],"wp:term":[{"taxonomy":"category","embeddable":true,"href":"https:\/\/eldiariodesanpedro.com.ar\/sitio\/wp-json\/wp\/v2\/categories?post=118472"},{"taxonomy":"post_tag","embeddable":true,"href":"https:\/\/eldiariodesanpedro.com.ar\/sitio\/wp-json\/wp\/v2\/tags?post=118472"}],"curies":[{"name":"wp","href":"https:\/\/api.w.org\/{rel}","templated":true}]}}