{"id":118463,"date":"2023-05-22T13:22:08","date_gmt":"2023-05-22T16:22:08","guid":{"rendered":"https:\/\/eldiariodesanpedro.com.ar\/sitio\/?p=118463"},"modified":"2023-05-22T13:22:10","modified_gmt":"2023-05-22T16:22:10","slug":"la-oficina-de-atencion-al-consumidor-omic-restablece-su-linea-telefonica-para-consultas","status":"publish","type":"post","link":"https:\/\/eldiariodesanpedro.com.ar\/sitio\/la-oficina-de-atencion-al-consumidor-omic-restablece-su-linea-telefonica-para-consultas\/","title":{"rendered":"La Oficina de Atenci\u00f3n al Consumidor (OMIC) restablece su l\u00ednea telef\u00f3nica para consultas"},"content":{"rendered":"<!-- VideographyWP Plugin Message: Automatic video embedding prevented by plugin options. -->\n\n<p>La Municipalidad de San Pedro informa que la l\u00ednea telef\u00f3nica de la Oficina de Atenci\u00f3n al Consumidor (OMIC) vuelve a estar plenamente operativa. A partir de este momento, la OMIC est\u00e1 lista para recibir llamadas a trav\u00e9s de sus l\u00edneas habituales, brindando atenci\u00f3n y asesoramiento a todos los consumidores.<\/p>\n\n\n\n<p>La OMIC es un espacio fundamental para la protecci\u00f3n de los derechos de los consumidores y la resoluci\u00f3n de conflictos relacionados con el consumo. Con su l\u00ednea telef\u00f3nica nuevamente en funcionamiento, se facilita el acceso a informaci\u00f3n y orientaci\u00f3n especializada para resolver consultas y reclamos.<\/p>\n\n\n\n<p>Aprovechamos esta oportunidad para recordarles a los ciudadanos las diferentes v\u00edas de comunicaci\u00f3n con la OMIC de lunes a viernes, en el horario de 8:00 a 14:00 horas, a trav\u00e9s de las siguientes opciones:<\/p>\n\n\n\n<p>L\u00ednea telef\u00f3nica: (03329) 424039.<br>Atenci\u00f3n personalizada: Mitre 2609.<br>Correo electr\u00f3nico: defensaconsumidor@sanpedro.ar<\/p>\n\n\n\n<p>Ante cualquier duda, consulta o reclamo relacionado con el consumo, no dude en contactar a la Oficina de Atenci\u00f3n\u00a0al\u00a0Consumidor.<\/p>\n\n\n\n<figure class=\"wp-block-image size-full\"><img decoding=\"async\" width=\"630\" height=\"630\" data-attachment-id=\"118464\" data-permalink=\"https:\/\/eldiariodesanpedro.com.ar\/sitio\/la-oficina-de-atencion-al-consumidor-omic-restablece-su-linea-telefonica-para-consultas\/imagen-de-whatsapp-2023-05-22-a-las-10-16-13\/\" data-orig-file=\"https:\/\/eldiariodesanpedro.com.ar\/sitio\/wp-content\/uploads\/2023\/05\/Imagen-de-WhatsApp-2023-05-22-a-las-10.16.13.jpg\" data-orig-size=\"630,630\" data-comments-opened=\"0\" data-image-meta=\"{&quot;aperture&quot;:&quot;0&quot;,&quot;credit&quot;:&quot;&quot;,&quot;camera&quot;:&quot;&quot;,&quot;caption&quot;:&quot;&quot;,&quot;created_timestamp&quot;:&quot;0&quot;,&quot;copyright&quot;:&quot;&quot;,&quot;focal_length&quot;:&quot;0&quot;,&quot;iso&quot;:&quot;0&quot;,&quot;shutter_speed&quot;:&quot;0&quot;,&quot;title&quot;:&quot;&quot;,&quot;orientation&quot;:&quot;0&quot;}\" data-image-title=\"Imagen-de-WhatsApp-2023-05-22-a-las-10.16.13\" data-image-description=\"\" data-image-caption=\"\" data-large-file=\"https:\/\/eldiariodesanpedro.com.ar\/sitio\/wp-content\/uploads\/2023\/05\/Imagen-de-WhatsApp-2023-05-22-a-las-10.16.13.jpg\" data-src=\"https:\/\/eldiariodesanpedro.com.ar\/sitio\/wp-content\/uploads\/2023\/05\/Imagen-de-WhatsApp-2023-05-22-a-las-10.16.13.jpg\" alt=\"\" class=\"wp-image-118464 lazyload\" data-srcset=\"https:\/\/eldiariodesanpedro.com.ar\/sitio\/wp-content\/uploads\/2023\/05\/Imagen-de-WhatsApp-2023-05-22-a-las-10.16.13.jpg 630w, https:\/\/eldiariodesanpedro.com.ar\/sitio\/wp-content\/uploads\/2023\/05\/Imagen-de-WhatsApp-2023-05-22-a-las-10.16.13-300x300.jpg 300w, https:\/\/eldiariodesanpedro.com.ar\/sitio\/wp-content\/uploads\/2023\/05\/Imagen-de-WhatsApp-2023-05-22-a-las-10.16.13-150x150.jpg 150w\" data-sizes=\"(max-width: 630px) 100vw, 630px\" src=\"data:image\/svg+xml;base64,PHN2ZyB3aWR0aD0iMSIgaGVpZ2h0PSIxIiB4bWxucz0iaHR0cDovL3d3dy53My5vcmcvMjAwMC9zdmciPjwvc3ZnPg==\" style=\"--smush-placeholder-width: 630px; --smush-placeholder-aspect-ratio: 630\/630;\" \/><\/figure>\n","protected":false},"excerpt":{"rendered":"<p>La Municipalidad de San Pedro informa que la l\u00ednea telef\u00f3nica de la Oficina de Atenci\u00f3n al Consumidor (OMIC) vuelve a estar plenamente operativa. A partir de este momento, la OMIC est\u00e1 lista para recibir llamadas a trav\u00e9s de sus l\u00edneas habituales, brindando atenci\u00f3n y asesoramiento a todos los consumidores. La OMIC es un espacio fundamental [&hellip;]<\/p>\n","protected":false},"author":4,"featured_media":102760,"comment_status":"closed","ping_status":"closed","sticky":false,"template":"","format":"standard","meta":{"om_disable_all_campaigns":false,"_jetpack_memberships_contains_paid_content":false,"footnotes":""},"categories":[50,101,2],"tags":[197,33,95,19],"class_list":["post-118463","post","type-post","status-publish","format-standard","has-post-thumbnail","hentry","category-destacadas","category-interes-general-locales","category-locales","tag-buenos-aires","tag-locales","tag-policiales","tag-san-pedro"],"aioseo_notices":[],"gutentor_comment":0,"jetpack_featured_media_url":"https:\/\/eldiariodesanpedro.com.ar\/sitio\/wp-content\/uploads\/2022\/01\/Municipalidad-e1422657513131.jpg","jetpack_shortlink":"https:\/\/wp.me\/p6RhLt-uOH","jetpack_sharing_enabled":true,"_links":{"self":[{"href":"https:\/\/eldiariodesanpedro.com.ar\/sitio\/wp-json\/wp\/v2\/posts\/118463","targetHints":{"allow":["GET"]}}],"collection":[{"href":"https:\/\/eldiariodesanpedro.com.ar\/sitio\/wp-json\/wp\/v2\/posts"}],"about":[{"href":"https:\/\/eldiariodesanpedro.com.ar\/sitio\/wp-json\/wp\/v2\/types\/post"}],"author":[{"embeddable":true,"href":"https:\/\/eldiariodesanpedro.com.ar\/sitio\/wp-json\/wp\/v2\/users\/4"}],"replies":[{"embeddable":true,"href":"https:\/\/eldiariodesanpedro.com.ar\/sitio\/wp-json\/wp\/v2\/comments?post=118463"}],"version-history":[{"count":1,"href":"https:\/\/eldiariodesanpedro.com.ar\/sitio\/wp-json\/wp\/v2\/posts\/118463\/revisions"}],"predecessor-version":[{"id":118465,"href":"https:\/\/eldiariodesanpedro.com.ar\/sitio\/wp-json\/wp\/v2\/posts\/118463\/revisions\/118465"}],"wp:featuredmedia":[{"embeddable":true,"href":"https:\/\/eldiariodesanpedro.com.ar\/sitio\/wp-json\/wp\/v2\/media\/102760"}],"wp:attachment":[{"href":"https:\/\/eldiariodesanpedro.com.ar\/sitio\/wp-json\/wp\/v2\/media?parent=118463"}],"wp:term":[{"taxonomy":"category","embeddable":true,"href":"https:\/\/eldiariodesanpedro.com.ar\/sitio\/wp-json\/wp\/v2\/categories?post=118463"},{"taxonomy":"post_tag","embeddable":true,"href":"https:\/\/eldiariodesanpedro.com.ar\/sitio\/wp-json\/wp\/v2\/tags?post=118463"}],"curies":[{"name":"wp","href":"https:\/\/api.w.org\/{rel}","templated":true}]}}