{"id":118378,"date":"2023-05-18T20:47:01","date_gmt":"2023-05-18T23:47:01","guid":{"rendered":"https:\/\/eldiariodesanpedro.com.ar\/sitio\/?p=118378"},"modified":"2023-05-18T20:47:02","modified_gmt":"2023-05-18T23:47:02","slug":"edicto-de-sucesion-de-yanezuk-alfonso-claudio-y-villich-nilda-noemi","status":"publish","type":"post","link":"https:\/\/eldiariodesanpedro.com.ar\/sitio\/edicto-de-sucesion-de-yanezuk-alfonso-claudio-y-villich-nilda-noemi\/","title":{"rendered":"Edicto de Sucesi\u00f3n de Yanezuk Alfonso Claudio Y Villich Nilda Noem\u00ed"},"content":{"rendered":"<!-- VideographyWP Plugin Message: Automatic video embedding prevented by plugin options. -->\n\n<p>El Juzgado de Paz de San Pedro a cargo de Juez Dr. Jos\u00e8 Igancio Macchia, Secretar\u00eda \u00fanica a cargo del Dr. Facundo Vell\u00f3n cita a todos los que se consideren con derecho a los bienes dejados <strong>Alfonso Claudio Yanezuk y Nilda Noemi Villich<\/strong> para que dentro de treinta d\u00edas lo acrediten en los autos caratulados <strong>Yanezuk Alfonso Claudio Y Villich Nilda Noem\u00ed<\/strong> S\/SUCESION AB-INTESTATO &#8211; SUC &#8211; 594 &#8211; 21.- San Pedro, 12 de Mayo de 2023.<\/p>\n\n\n\n<p>FACUNDO VELL\u00d3N\u00a0<br>ABOGADO SECRETARIO<\/p>\n\n\n\n<p>(Publicaci\u00f3n V\u00e1lida por el d\u00eda 18, 19 y 20 de mayo de 2023)<br><a href=\"https:\/\/notificaciones.scba.gov.ar\/verificarnotificacion.aspx?codNotif=08Y2C8\">https:\/\/notificaciones.scba.gov.ar\/verificarnotificacion.aspx?codNotif=08Y2C8<\/a><\/p>\n","protected":false},"excerpt":{"rendered":"<p>El Juzgado de Paz de San Pedro a cargo de Juez Dr. Jos\u00e8 Igancio Macchia, Secretar\u00eda \u00fanica a cargo del Dr. Facundo Vell\u00f3n cita a todos los que se consideren con derecho a los bienes dejados Alfonso Claudio Yanezuk y Nilda Noemi Villich para que dentro de treinta d\u00edas lo acrediten en los autos caratulados [&hellip;]<\/p>\n","protected":false},"author":4,"featured_media":102746,"comment_status":"closed","ping_status":"closed","sticky":false,"template":"","format":"standard","meta":{"om_disable_all_campaigns":false,"_jetpack_memberships_contains_paid_content":false,"footnotes":""},"categories":[676,677],"tags":[4187],"class_list":["post-118378","post","type-post","status-publish","format-standard","has-post-thumbnail","hentry","category-edictos","category-edictos-sucesorios","tag-edicto-de-sucesion-de-yanezuk-alfonso-claudio-y-villich-nilda-noemi"],"aioseo_notices":[],"gutentor_comment":0,"jetpack_featured_media_url":"https:\/\/eldiariodesanpedro.com.ar\/sitio\/wp-content\/uploads\/2022\/01\/EDICTO.jpg","jetpack_shortlink":"https:\/\/wp.me\/p6RhLt-uNk","jetpack_sharing_enabled":true,"_links":{"self":[{"href":"https:\/\/eldiariodesanpedro.com.ar\/sitio\/wp-json\/wp\/v2\/posts\/118378","targetHints":{"allow":["GET"]}}],"collection":[{"href":"https:\/\/eldiariodesanpedro.com.ar\/sitio\/wp-json\/wp\/v2\/posts"}],"about":[{"href":"https:\/\/eldiariodesanpedro.com.ar\/sitio\/wp-json\/wp\/v2\/types\/post"}],"author":[{"embeddable":true,"href":"https:\/\/eldiariodesanpedro.com.ar\/sitio\/wp-json\/wp\/v2\/users\/4"}],"replies":[{"embeddable":true,"href":"https:\/\/eldiariodesanpedro.com.ar\/sitio\/wp-json\/wp\/v2\/comments?post=118378"}],"version-history":[{"count":1,"href":"https:\/\/eldiariodesanpedro.com.ar\/sitio\/wp-json\/wp\/v2\/posts\/118378\/revisions"}],"predecessor-version":[{"id":118379,"href":"https:\/\/eldiariodesanpedro.com.ar\/sitio\/wp-json\/wp\/v2\/posts\/118378\/revisions\/118379"}],"wp:featuredmedia":[{"embeddable":true,"href":"https:\/\/eldiariodesanpedro.com.ar\/sitio\/wp-json\/wp\/v2\/media\/102746"}],"wp:attachment":[{"href":"https:\/\/eldiariodesanpedro.com.ar\/sitio\/wp-json\/wp\/v2\/media?parent=118378"}],"wp:term":[{"taxonomy":"category","embeddable":true,"href":"https:\/\/eldiariodesanpedro.com.ar\/sitio\/wp-json\/wp\/v2\/categories?post=118378"},{"taxonomy":"post_tag","embeddable":true,"href":"https:\/\/eldiariodesanpedro.com.ar\/sitio\/wp-json\/wp\/v2\/tags?post=118378"}],"curies":[{"name":"wp","href":"https:\/\/api.w.org\/{rel}","templated":true}]}}