{"id":118367,"date":"2023-05-18T19:47:58","date_gmt":"2023-05-18T22:47:58","guid":{"rendered":"https:\/\/eldiariodesanpedro.com.ar\/sitio\/?p=118367"},"modified":"2023-05-18T19:48:31","modified_gmt":"2023-05-18T22:48:31","slug":"manana-no-se-dicatarn-clases-ni-actividades-en-la-escuela-industrial","status":"publish","type":"post","link":"https:\/\/eldiariodesanpedro.com.ar\/sitio\/manana-no-se-dicatarn-clases-ni-actividades-en-la-escuela-industrial\/","title":{"rendered":"Ma\u00f1ana no se dicataran clases ni actividades en la escuela Industrial"},"content":{"rendered":"<!-- VideographyWP Plugin Message: Automatic video embedding prevented by plugin options. -->\n\n<p>Durante la jornada de ma\u00f1ana, la Escuela Industrial se ver\u00e1 afectada por las consecuencias de un incendio ocurrido hoy en sus instalaciones. A ra\u00edz de este incidente, se ha tomado la decisi\u00f3n de suspender las clases y todas las actividades programadas para el d\u00eda de ma\u00f1ana.<\/p>\n\n\n\n<p>Seg\u00fan informaron los directivos del colegio, el incendio se origin\u00f3 en el cielorraso del laboratorio de inform\u00e1tica, lo que provoc\u00f3 la necesidad de evacuar tanto a los alumnos como al personal docente y administrativo de la instituci\u00f3n. Adem\u00e1s, por precauci\u00f3n, se procedi\u00f3 a la evacuaci\u00f3n de las instituciones educativas cercanas.<\/p>\n\n\n\n<p>Ante esta situaci\u00f3n, los directivos de la escuela han anunciado que trabajar\u00e1n en colaboraci\u00f3n con el Consejo Escolar para evaluar los da\u00f1os ocasionados por el incendio y poder mejorar los espacios del laboratorio. Se espera que esta acci\u00f3n permita recuperar el normal funcionamiento de las actividades acad\u00e9micas lo antes posible.<\/p>\n\n\n\n<p>Es importante destacar que, debido a la suspensi\u00f3n de clases, los estudiantes y sus familias deber\u00e1n estar atentos a las comunicaciones oficiales de la escuela para obtener informaci\u00f3n actualizada sobre la reanudaci\u00f3n de las actividades educativas.<\/p>\n","protected":false},"excerpt":{"rendered":"<p>Durante la jornada de ma\u00f1ana, la Escuela Industrial se ver\u00e1 afectada por las consecuencias de un incendio ocurrido hoy en sus instalaciones. A ra\u00edz de este incidente, se ha tomado la decisi\u00f3n de suspender las clases y todas las actividades programadas para el d\u00eda de ma\u00f1ana. Seg\u00fan informaron los directivos del colegio, el incendio se [&hellip;]<\/p>\n","protected":false},"author":4,"featured_media":118374,"comment_status":"closed","ping_status":"closed","sticky":false,"template":"","format":"standard","meta":{"om_disable_all_campaigns":false,"_jetpack_memberships_contains_paid_content":false,"footnotes":""},"categories":[50,101,2],"tags":[197,696,33,19],"class_list":["post-118367","post","type-post","status-publish","format-standard","has-post-thumbnail","hentry","category-destacadas","category-interes-general-locales","category-locales","tag-buenos-aires","tag-interes-general","tag-locales","tag-san-pedro"],"aioseo_notices":[],"gutentor_comment":0,"jetpack_featured_media_url":"https:\/\/eldiariodesanpedro.com.ar\/sitio\/wp-content\/uploads\/2023\/05\/Imagen-de-WhatsApp-2023-05-18-a-las-11.20.231.jpg","jetpack_shortlink":"https:\/\/wp.me\/p6RhLt-uN9","jetpack_sharing_enabled":true,"_links":{"self":[{"href":"https:\/\/eldiariodesanpedro.com.ar\/sitio\/wp-json\/wp\/v2\/posts\/118367","targetHints":{"allow":["GET"]}}],"collection":[{"href":"https:\/\/eldiariodesanpedro.com.ar\/sitio\/wp-json\/wp\/v2\/posts"}],"about":[{"href":"https:\/\/eldiariodesanpedro.com.ar\/sitio\/wp-json\/wp\/v2\/types\/post"}],"author":[{"embeddable":true,"href":"https:\/\/eldiariodesanpedro.com.ar\/sitio\/wp-json\/wp\/v2\/users\/4"}],"replies":[{"embeddable":true,"href":"https:\/\/eldiariodesanpedro.com.ar\/sitio\/wp-json\/wp\/v2\/comments?post=118367"}],"version-history":[{"count":2,"href":"https:\/\/eldiariodesanpedro.com.ar\/sitio\/wp-json\/wp\/v2\/posts\/118367\/revisions"}],"predecessor-version":[{"id":118377,"href":"https:\/\/eldiariodesanpedro.com.ar\/sitio\/wp-json\/wp\/v2\/posts\/118367\/revisions\/118377"}],"wp:featuredmedia":[{"embeddable":true,"href":"https:\/\/eldiariodesanpedro.com.ar\/sitio\/wp-json\/wp\/v2\/media\/118374"}],"wp:attachment":[{"href":"https:\/\/eldiariodesanpedro.com.ar\/sitio\/wp-json\/wp\/v2\/media?parent=118367"}],"wp:term":[{"taxonomy":"category","embeddable":true,"href":"https:\/\/eldiariodesanpedro.com.ar\/sitio\/wp-json\/wp\/v2\/categories?post=118367"},{"taxonomy":"post_tag","embeddable":true,"href":"https:\/\/eldiariodesanpedro.com.ar\/sitio\/wp-json\/wp\/v2\/tags?post=118367"}],"curies":[{"name":"wp","href":"https:\/\/api.w.org\/{rel}","templated":true}]}}