{"id":118364,"date":"2023-05-18T19:24:19","date_gmt":"2023-05-18T22:24:19","guid":{"rendered":"https:\/\/eldiariodesanpedro.com.ar\/sitio\/?p=118364"},"modified":"2023-05-18T19:24:21","modified_gmt":"2023-05-18T22:24:21","slug":"la-autopsia-determino-que-vallejos-fue-asesinado-por-un-puntazo-en-la-mejilla","status":"publish","type":"post","link":"https:\/\/eldiariodesanpedro.com.ar\/sitio\/la-autopsia-determino-que-vallejos-fue-asesinado-por-un-puntazo-en-la-mejilla\/","title":{"rendered":"La autopsia determino que Vallejos fue asesinado por un puntazo en la mejilla"},"content":{"rendered":"<!-- VideographyWP Plugin Message: Automatic video embedding prevented by plugin options. -->\n\n<p>El cuerpo de Adolfo Vallejos, un hombre de 70 a\u00f1os, fue sometido a una autopsia que revel\u00f3 un descubrimiento sorprendente. Contrariamente a las primeras especulaciones, se determin\u00f3 que Vallejos no muri\u00f3 degollado, como se pensaba inicialmente. En cambio, los expertos forenses descubrieron que su fallecimiento se debi\u00f3 a un puntazo que recibi\u00f3 en la mejilla derecha, aplicado por sus agresores.<\/p>\n\n\n\n<p>El informe presentado por los profesionales encargados de la autopsia concluy\u00f3 que el corte en la mejilla fue la lesi\u00f3n determinante en la muerte de Vallejos. El puntazo atraves\u00f3 la car\u00f3tida, lo que provoc\u00f3 una hemorragia masiva en su propio hogar y lo sumi\u00f3 en un estado de shock hipovol\u00e9mico.<\/p>\n\n\n\n<p>La noticia se acompa\u00f1a de novedades en la investigaci\u00f3n del caso. Los cinco acusados, identificados como Ricardo Ontivero, Jes\u00fas Montaldi, Juan Ju\u00e1rez, Carlos Mart\u00ednez y Mat\u00edas Thaiel, han pasado de estar bajo aprehensi\u00f3n a ser detenidos oficialmente. Actualmente se encuentran alojados en la Comisar\u00eda, a la espera de las medidas legales que pueda tomar la justicia.<\/p>\n\n\n\n<p>La revelaci\u00f3n de la causa de la muerte de Adolfo Vallejos y el arresto de los cinco acusados son hitos importantes en el desarrollo de este caso. Ahora, la justicia tomar\u00e1 las decisiones pertinentes para avanzar en el proceso legal y esclarecer los motivos detr\u00e1s de este tr\u00e1gico suceso.<\/p>\n","protected":false},"excerpt":{"rendered":"<p>El cuerpo de Adolfo Vallejos, un hombre de 70 a\u00f1os, fue sometido a una autopsia que revel\u00f3 un descubrimiento sorprendente. Contrariamente a las primeras especulaciones, se determin\u00f3 que Vallejos no muri\u00f3 degollado, como se pensaba inicialmente. En cambio, los expertos forenses descubrieron que su fallecimiento se debi\u00f3 a un puntazo que recibi\u00f3 en la mejilla [&hellip;]<\/p>\n","protected":false},"author":4,"featured_media":118365,"comment_status":"closed","ping_status":"closed","sticky":false,"template":"","format":"standard","meta":{"om_disable_all_campaigns":false,"_jetpack_memberships_contains_paid_content":false,"footnotes":""},"categories":[50,2,103],"tags":[],"class_list":["post-118364","post","type-post","status-publish","format-standard","has-post-thumbnail","hentry","category-destacadas","category-locales","category-policiales-locales"],"aioseo_notices":[],"gutentor_comment":0,"jetpack_featured_media_url":"https:\/\/eldiariodesanpedro.com.ar\/sitio\/wp-content\/uploads\/2023\/05\/medida-36.png","jetpack_shortlink":"https:\/\/wp.me\/p6RhLt-uN6","jetpack_sharing_enabled":true,"_links":{"self":[{"href":"https:\/\/eldiariodesanpedro.com.ar\/sitio\/wp-json\/wp\/v2\/posts\/118364","targetHints":{"allow":["GET"]}}],"collection":[{"href":"https:\/\/eldiariodesanpedro.com.ar\/sitio\/wp-json\/wp\/v2\/posts"}],"about":[{"href":"https:\/\/eldiariodesanpedro.com.ar\/sitio\/wp-json\/wp\/v2\/types\/post"}],"author":[{"embeddable":true,"href":"https:\/\/eldiariodesanpedro.com.ar\/sitio\/wp-json\/wp\/v2\/users\/4"}],"replies":[{"embeddable":true,"href":"https:\/\/eldiariodesanpedro.com.ar\/sitio\/wp-json\/wp\/v2\/comments?post=118364"}],"version-history":[{"count":1,"href":"https:\/\/eldiariodesanpedro.com.ar\/sitio\/wp-json\/wp\/v2\/posts\/118364\/revisions"}],"predecessor-version":[{"id":118366,"href":"https:\/\/eldiariodesanpedro.com.ar\/sitio\/wp-json\/wp\/v2\/posts\/118364\/revisions\/118366"}],"wp:featuredmedia":[{"embeddable":true,"href":"https:\/\/eldiariodesanpedro.com.ar\/sitio\/wp-json\/wp\/v2\/media\/118365"}],"wp:attachment":[{"href":"https:\/\/eldiariodesanpedro.com.ar\/sitio\/wp-json\/wp\/v2\/media?parent=118364"}],"wp:term":[{"taxonomy":"category","embeddable":true,"href":"https:\/\/eldiariodesanpedro.com.ar\/sitio\/wp-json\/wp\/v2\/categories?post=118364"},{"taxonomy":"post_tag","embeddable":true,"href":"https:\/\/eldiariodesanpedro.com.ar\/sitio\/wp-json\/wp\/v2\/tags?post=118364"}],"curies":[{"name":"wp","href":"https:\/\/api.w.org\/{rel}","templated":true}]}}