{"id":118361,"date":"2023-05-18T19:09:38","date_gmt":"2023-05-18T22:09:38","guid":{"rendered":"https:\/\/eldiariodesanpedro.com.ar\/sitio\/?p=118361"},"modified":"2023-05-18T19:09:41","modified_gmt":"2023-05-18T22:09:41","slug":"gabi-mendoza-condenado-a-19-anos-por-abuso-sexual-en-prision-en-san-nicolas","status":"publish","type":"post","link":"https:\/\/eldiariodesanpedro.com.ar\/sitio\/gabi-mendoza-condenado-a-19-anos-por-abuso-sexual-en-prision-en-san-nicolas\/","title":{"rendered":"Gabi Mendoza condenado a 19 a\u00f1os por abuso sexual en prisi\u00f3n en San Nicol\u00e1s"},"content":{"rendered":"<!-- VideographyWP Plugin Message: Automatic video embedding prevented by plugin options. -->\n\n<p>El Tribunal en lo Criminal N\u00b02 de San Nicol\u00e1s emiti\u00f3 la sentencia tras el juicio oral contra un delincuente sampedrino acusado de abuso sexual con acceso carnal contra otro preso. El imputado fue hallado responsable y condenado a 13 a\u00f1os de prisi\u00f3n por este delito. Sin embargo, al tener una pena firme de 13 a\u00f1os por una causa anterior, recibi\u00f3 una condena total de 19 a\u00f1os.<\/p>\n\n\n\n<p>El fiscal a cargo del caso, el Dr. Julio Tan\u00fas, consider\u00f3 probado el hecho ocurrido el 9 de enero de 2019 en la Unidad Penal N\u00b03 local. Seg\u00fan las pruebas presentadas, el interno Jorge Gabriel Mendoza, junto con otros individuos, habr\u00eda amenazado y golpeado a la v\u00edctima, introduci\u00e9ndole un palo en el ano.<\/p>\n\n\n\n<p>Inicialmente, el fiscal hab\u00eda solicitado una pena de 12 a\u00f1os de prisi\u00f3n por el delito de abuso sexual con acceso carnal agravado, adem\u00e1s de una pena \u00fanica de 25 a\u00f1os. Por su parte, la defensa del acusado solicit\u00f3 su absoluci\u00f3n o, en su defecto, una pena \u00fanica de 15 a\u00f1os.<\/p>\n\n\n\n<p>Es importante destacar que el acusado ya hab\u00eda sido condenado previamente a 13 a\u00f1os de prisi\u00f3n por su participaci\u00f3n en una toma de rehenes en la UP3 hace tres a\u00f1os.<\/p>\n\n\n\n<p>Con esta sentencia, se espera que se haga justicia en este caso de abuso sexual en el \u00e1mbito penitenciario y que se env\u00ede un claro mensaje de repudio hacia este tipo de actos delictivos.<\/p>\n","protected":false},"excerpt":{"rendered":"<p>El Tribunal en lo Criminal N\u00b02 de San Nicol\u00e1s emiti\u00f3 la sentencia tras el juicio oral contra un delincuente sampedrino acusado de abuso sexual con acceso carnal contra otro preso. El imputado fue hallado responsable y condenado a 13 a\u00f1os de prisi\u00f3n por este delito. Sin embargo, al tener una pena firme de 13 a\u00f1os [&hellip;]<\/p>\n","protected":false},"author":4,"featured_media":118362,"comment_status":"closed","ping_status":"closed","sticky":false,"template":"","format":"standard","meta":{"om_disable_all_campaigns":false,"_jetpack_memberships_contains_paid_content":false,"footnotes":""},"categories":[50,101,2],"tags":[197,696,33,19],"class_list":["post-118361","post","type-post","status-publish","format-standard","has-post-thumbnail","hentry","category-destacadas","category-interes-general-locales","category-locales","tag-buenos-aires","tag-interes-general","tag-locales","tag-san-pedro"],"aioseo_notices":[],"gutentor_comment":0,"jetpack_featured_media_url":"https:\/\/eldiariodesanpedro.com.ar\/sitio\/wp-content\/uploads\/2023\/05\/0000021837-resized-1920x1080-1.jpg","jetpack_shortlink":"https:\/\/wp.me\/p6RhLt-uN3","jetpack_sharing_enabled":true,"_links":{"self":[{"href":"https:\/\/eldiariodesanpedro.com.ar\/sitio\/wp-json\/wp\/v2\/posts\/118361","targetHints":{"allow":["GET"]}}],"collection":[{"href":"https:\/\/eldiariodesanpedro.com.ar\/sitio\/wp-json\/wp\/v2\/posts"}],"about":[{"href":"https:\/\/eldiariodesanpedro.com.ar\/sitio\/wp-json\/wp\/v2\/types\/post"}],"author":[{"embeddable":true,"href":"https:\/\/eldiariodesanpedro.com.ar\/sitio\/wp-json\/wp\/v2\/users\/4"}],"replies":[{"embeddable":true,"href":"https:\/\/eldiariodesanpedro.com.ar\/sitio\/wp-json\/wp\/v2\/comments?post=118361"}],"version-history":[{"count":1,"href":"https:\/\/eldiariodesanpedro.com.ar\/sitio\/wp-json\/wp\/v2\/posts\/118361\/revisions"}],"predecessor-version":[{"id":118363,"href":"https:\/\/eldiariodesanpedro.com.ar\/sitio\/wp-json\/wp\/v2\/posts\/118361\/revisions\/118363"}],"wp:featuredmedia":[{"embeddable":true,"href":"https:\/\/eldiariodesanpedro.com.ar\/sitio\/wp-json\/wp\/v2\/media\/118362"}],"wp:attachment":[{"href":"https:\/\/eldiariodesanpedro.com.ar\/sitio\/wp-json\/wp\/v2\/media?parent=118361"}],"wp:term":[{"taxonomy":"category","embeddable":true,"href":"https:\/\/eldiariodesanpedro.com.ar\/sitio\/wp-json\/wp\/v2\/categories?post=118361"},{"taxonomy":"post_tag","embeddable":true,"href":"https:\/\/eldiariodesanpedro.com.ar\/sitio\/wp-json\/wp\/v2\/tags?post=118361"}],"curies":[{"name":"wp","href":"https:\/\/api.w.org\/{rel}","templated":true}]}}