{"id":118348,"date":"2023-05-18T18:42:34","date_gmt":"2023-05-18T21:42:34","guid":{"rendered":"https:\/\/eldiariodesanpedro.com.ar\/sitio\/?p=118348"},"modified":"2023-05-18T18:42:35","modified_gmt":"2023-05-18T21:42:35","slug":"alumnos-de-quinto-grado-de-la-escuela-primaria-n1-visitan-el-palacio-municipal","status":"publish","type":"post","link":"https:\/\/eldiariodesanpedro.com.ar\/sitio\/alumnos-de-quinto-grado-de-la-escuela-primaria-n1-visitan-el-palacio-municipal\/","title":{"rendered":"Alumnos de quinto grado de la Escuela Primaria N\u00b01 visitan el Palacio Municipal"},"content":{"rendered":"<!-- VideographyWP Plugin Message: Automatic video embedding prevented by plugin options. -->\n\n<p>En una emocionante jornada, el Palacio Municipal recibi\u00f3 la visita especial de los alumnos de quinto grado de la Escuela de Educaci\u00f3n Primaria N\u00b01, en el marco de las visitas educativas que las escuelas del Partido de San Pedro realizan peri\u00f3dicamente.<\/p>\n\n\n\n<p>Durante su recorrido, los estudiantes visitaron el despacho del Intendente Cecilio Salazar, donde compartieron un enriquecedor encuentro con el jefe comunal y sus docentes. Fue una experiencia que permiti\u00f3 a los alumnos conocer de cerca el funcionamiento y las responsabilidades de la administraci\u00f3n local, pero donde tambi\u00e9n pudieron intercambiar con el Intendente Salazar lo aprendido en el marco del d\u00eda de la escarapela, demostrando adem\u00e1s un buen conocimiento de la actualidad y la identidad patria.<\/p>\n\n\n\n<p>Adem\u00e1s, los visitantes disfrutaron de un recorrido guiado por los distintos puntos destacados de la Municipalidad, brind\u00e1ndoles la oportunidad de aprender sobre la importancia y el rol fundamental que desempe\u00f1a este edificio en la vida de la comunidad.<\/p>\n\n\n\n<p>La Municipalidad de San Pedro se enorgullece de haber recibido a estos j\u00f3venes estudiantes y espera seguir siendo un espacio abierto para la educaci\u00f3n y la interacci\u00f3n con\u00a0la\u00a0comunidad.<\/p>\n\n\n\n<figure class=\"wp-block-image size-full\"><img decoding=\"async\" width=\"981\" height=\"630\" data-attachment-id=\"118351\" data-permalink=\"https:\/\/eldiariodesanpedro.com.ar\/sitio\/alumnos-de-quinto-grado-de-la-escuela-primaria-n1-visitan-el-palacio-municipal\/imagen-de-whatsapp-2023-05-18-a-las-15-52-162\/\" data-orig-file=\"https:\/\/eldiariodesanpedro.com.ar\/sitio\/wp-content\/uploads\/2023\/05\/Imagen-de-WhatsApp-2023-05-18-a-las-15.52.162.jpg\" data-orig-size=\"981,630\" data-comments-opened=\"0\" data-image-meta=\"{&quot;aperture&quot;:&quot;0&quot;,&quot;credit&quot;:&quot;&quot;,&quot;camera&quot;:&quot;&quot;,&quot;caption&quot;:&quot;&quot;,&quot;created_timestamp&quot;:&quot;0&quot;,&quot;copyright&quot;:&quot;&quot;,&quot;focal_length&quot;:&quot;0&quot;,&quot;iso&quot;:&quot;0&quot;,&quot;shutter_speed&quot;:&quot;0&quot;,&quot;title&quot;:&quot;&quot;,&quot;orientation&quot;:&quot;0&quot;}\" data-image-title=\"Imagen de WhatsApp 2023-05-18 a las 15.52.162\" data-image-description=\"\" data-image-caption=\"\" data-large-file=\"https:\/\/eldiariodesanpedro.com.ar\/sitio\/wp-content\/uploads\/2023\/05\/Imagen-de-WhatsApp-2023-05-18-a-las-15.52.162.jpg\" data-src=\"https:\/\/eldiariodesanpedro.com.ar\/sitio\/wp-content\/uploads\/2023\/05\/Imagen-de-WhatsApp-2023-05-18-a-las-15.52.162.jpg\" alt=\"\" class=\"wp-image-118351 lazyload\" data-srcset=\"https:\/\/eldiariodesanpedro.com.ar\/sitio\/wp-content\/uploads\/2023\/05\/Imagen-de-WhatsApp-2023-05-18-a-las-15.52.162.jpg 981w, https:\/\/eldiariodesanpedro.com.ar\/sitio\/wp-content\/uploads\/2023\/05\/Imagen-de-WhatsApp-2023-05-18-a-las-15.52.162-300x193.jpg 300w, https:\/\/eldiariodesanpedro.com.ar\/sitio\/wp-content\/uploads\/2023\/05\/Imagen-de-WhatsApp-2023-05-18-a-las-15.52.162-768x493.jpg 768w\" data-sizes=\"(max-width: 981px) 100vw, 981px\" src=\"data:image\/svg+xml;base64,PHN2ZyB3aWR0aD0iMSIgaGVpZ2h0PSIxIiB4bWxucz0iaHR0cDovL3d3dy53My5vcmcvMjAwMC9zdmciPjwvc3ZnPg==\" style=\"--smush-placeholder-width: 981px; --smush-placeholder-aspect-ratio: 981\/630;\" \/><\/figure>\n\n\n\n<figure class=\"wp-block-image size-full\"><img decoding=\"async\" width=\"942\" height=\"630\" data-attachment-id=\"118352\" data-permalink=\"https:\/\/eldiariodesanpedro.com.ar\/sitio\/alumnos-de-quinto-grado-de-la-escuela-primaria-n1-visitan-el-palacio-municipal\/imagen-de-whatsapp-2023-05-18-a-las-15-52-173\/\" data-orig-file=\"https:\/\/eldiariodesanpedro.com.ar\/sitio\/wp-content\/uploads\/2023\/05\/Imagen-de-WhatsApp-2023-05-18-a-las-15.52.173.jpg\" data-orig-size=\"942,630\" data-comments-opened=\"0\" data-image-meta=\"{&quot;aperture&quot;:&quot;0&quot;,&quot;credit&quot;:&quot;&quot;,&quot;camera&quot;:&quot;&quot;,&quot;caption&quot;:&quot;&quot;,&quot;created_timestamp&quot;:&quot;0&quot;,&quot;copyright&quot;:&quot;&quot;,&quot;focal_length&quot;:&quot;0&quot;,&quot;iso&quot;:&quot;0&quot;,&quot;shutter_speed&quot;:&quot;0&quot;,&quot;title&quot;:&quot;&quot;,&quot;orientation&quot;:&quot;0&quot;}\" data-image-title=\"Imagen de WhatsApp 2023-05-18 a las 15.52.173\" data-image-description=\"\" data-image-caption=\"\" data-large-file=\"https:\/\/eldiariodesanpedro.com.ar\/sitio\/wp-content\/uploads\/2023\/05\/Imagen-de-WhatsApp-2023-05-18-a-las-15.52.173.jpg\" data-src=\"https:\/\/eldiariodesanpedro.com.ar\/sitio\/wp-content\/uploads\/2023\/05\/Imagen-de-WhatsApp-2023-05-18-a-las-15.52.173.jpg\" alt=\"\" class=\"wp-image-118352 lazyload\" data-srcset=\"https:\/\/eldiariodesanpedro.com.ar\/sitio\/wp-content\/uploads\/2023\/05\/Imagen-de-WhatsApp-2023-05-18-a-las-15.52.173.jpg 942w, https:\/\/eldiariodesanpedro.com.ar\/sitio\/wp-content\/uploads\/2023\/05\/Imagen-de-WhatsApp-2023-05-18-a-las-15.52.173-300x201.jpg 300w, https:\/\/eldiariodesanpedro.com.ar\/sitio\/wp-content\/uploads\/2023\/05\/Imagen-de-WhatsApp-2023-05-18-a-las-15.52.173-768x514.jpg 768w\" data-sizes=\"(max-width: 942px) 100vw, 942px\" src=\"data:image\/svg+xml;base64,PHN2ZyB3aWR0aD0iMSIgaGVpZ2h0PSIxIiB4bWxucz0iaHR0cDovL3d3dy53My5vcmcvMjAwMC9zdmciPjwvc3ZnPg==\" style=\"--smush-placeholder-width: 942px; --smush-placeholder-aspect-ratio: 942\/630;\" \/><\/figure>\n\n\n\n<figure class=\"wp-block-image size-full\"><img decoding=\"async\" width=\"958\" height=\"630\" data-attachment-id=\"118350\" data-permalink=\"https:\/\/eldiariodesanpedro.com.ar\/sitio\/alumnos-de-quinto-grado-de-la-escuela-primaria-n1-visitan-el-palacio-municipal\/imagen-de-whatsapp-2023-05-18-a-las-15-52-16\/\" data-orig-file=\"https:\/\/eldiariodesanpedro.com.ar\/sitio\/wp-content\/uploads\/2023\/05\/Imagen-de-WhatsApp-2023-05-18-a-las-15.52.16.jpg\" data-orig-size=\"958,630\" data-comments-opened=\"0\" data-image-meta=\"{&quot;aperture&quot;:&quot;0&quot;,&quot;credit&quot;:&quot;&quot;,&quot;camera&quot;:&quot;&quot;,&quot;caption&quot;:&quot;&quot;,&quot;created_timestamp&quot;:&quot;0&quot;,&quot;copyright&quot;:&quot;&quot;,&quot;focal_length&quot;:&quot;0&quot;,&quot;iso&quot;:&quot;0&quot;,&quot;shutter_speed&quot;:&quot;0&quot;,&quot;title&quot;:&quot;&quot;,&quot;orientation&quot;:&quot;0&quot;}\" data-image-title=\"Imagen de WhatsApp 2023-05-18 a las 15.52.16\" data-image-description=\"\" data-image-caption=\"\" data-large-file=\"https:\/\/eldiariodesanpedro.com.ar\/sitio\/wp-content\/uploads\/2023\/05\/Imagen-de-WhatsApp-2023-05-18-a-las-15.52.16.jpg\" data-src=\"https:\/\/eldiariodesanpedro.com.ar\/sitio\/wp-content\/uploads\/2023\/05\/Imagen-de-WhatsApp-2023-05-18-a-las-15.52.16.jpg\" alt=\"\" class=\"wp-image-118350 lazyload\" data-srcset=\"https:\/\/eldiariodesanpedro.com.ar\/sitio\/wp-content\/uploads\/2023\/05\/Imagen-de-WhatsApp-2023-05-18-a-las-15.52.16.jpg 958w, https:\/\/eldiariodesanpedro.com.ar\/sitio\/wp-content\/uploads\/2023\/05\/Imagen-de-WhatsApp-2023-05-18-a-las-15.52.16-300x197.jpg 300w, https:\/\/eldiariodesanpedro.com.ar\/sitio\/wp-content\/uploads\/2023\/05\/Imagen-de-WhatsApp-2023-05-18-a-las-15.52.16-768x505.jpg 768w\" data-sizes=\"(max-width: 958px) 100vw, 958px\" src=\"data:image\/svg+xml;base64,PHN2ZyB3aWR0aD0iMSIgaGVpZ2h0PSIxIiB4bWxucz0iaHR0cDovL3d3dy53My5vcmcvMjAwMC9zdmciPjwvc3ZnPg==\" style=\"--smush-placeholder-width: 958px; --smush-placeholder-aspect-ratio: 958\/630;\" \/><\/figure>\n","protected":false},"excerpt":{"rendered":"<p>En una emocionante jornada, el Palacio Municipal recibi\u00f3 la visita especial de los alumnos de quinto grado de la Escuela de Educaci\u00f3n Primaria N\u00b01, en el marco de las visitas educativas que las escuelas del Partido de San Pedro realizan peri\u00f3dicamente. Durante su recorrido, los estudiantes visitaron el despacho del Intendente Cecilio Salazar, donde compartieron [&hellip;]<\/p>\n","protected":false},"author":4,"featured_media":118349,"comment_status":"closed","ping_status":"closed","sticky":false,"template":"","format":"standard","meta":{"om_disable_all_campaigns":false,"_jetpack_memberships_contains_paid_content":false,"footnotes":""},"categories":[50,101,2],"tags":[197,696,33,19],"class_list":["post-118348","post","type-post","status-publish","format-standard","has-post-thumbnail","hentry","category-destacadas","category-interes-general-locales","category-locales","tag-buenos-aires","tag-interes-general","tag-locales","tag-san-pedro"],"aioseo_notices":[],"gutentor_comment":0,"jetpack_featured_media_url":"https:\/\/eldiariodesanpedro.com.ar\/sitio\/wp-content\/uploads\/2023\/05\/Imagen-de-WhatsApp-2023-05-18-a-las-15.52.15.jpg","jetpack_shortlink":"https:\/\/wp.me\/p6RhLt-uMQ","jetpack_sharing_enabled":true,"_links":{"self":[{"href":"https:\/\/eldiariodesanpedro.com.ar\/sitio\/wp-json\/wp\/v2\/posts\/118348","targetHints":{"allow":["GET"]}}],"collection":[{"href":"https:\/\/eldiariodesanpedro.com.ar\/sitio\/wp-json\/wp\/v2\/posts"}],"about":[{"href":"https:\/\/eldiariodesanpedro.com.ar\/sitio\/wp-json\/wp\/v2\/types\/post"}],"author":[{"embeddable":true,"href":"https:\/\/eldiariodesanpedro.com.ar\/sitio\/wp-json\/wp\/v2\/users\/4"}],"replies":[{"embeddable":true,"href":"https:\/\/eldiariodesanpedro.com.ar\/sitio\/wp-json\/wp\/v2\/comments?post=118348"}],"version-history":[{"count":1,"href":"https:\/\/eldiariodesanpedro.com.ar\/sitio\/wp-json\/wp\/v2\/posts\/118348\/revisions"}],"predecessor-version":[{"id":118353,"href":"https:\/\/eldiariodesanpedro.com.ar\/sitio\/wp-json\/wp\/v2\/posts\/118348\/revisions\/118353"}],"wp:featuredmedia":[{"embeddable":true,"href":"https:\/\/eldiariodesanpedro.com.ar\/sitio\/wp-json\/wp\/v2\/media\/118349"}],"wp:attachment":[{"href":"https:\/\/eldiariodesanpedro.com.ar\/sitio\/wp-json\/wp\/v2\/media?parent=118348"}],"wp:term":[{"taxonomy":"category","embeddable":true,"href":"https:\/\/eldiariodesanpedro.com.ar\/sitio\/wp-json\/wp\/v2\/categories?post=118348"},{"taxonomy":"post_tag","embeddable":true,"href":"https:\/\/eldiariodesanpedro.com.ar\/sitio\/wp-json\/wp\/v2\/tags?post=118348"}],"curies":[{"name":"wp","href":"https:\/\/api.w.org\/{rel}","templated":true}]}}