{"id":118346,"date":"2023-05-18T14:57:42","date_gmt":"2023-05-18T17:57:42","guid":{"rendered":"https:\/\/eldiariodesanpedro.com.ar\/sitio\/?p=118346"},"modified":"2023-05-18T14:57:43","modified_gmt":"2023-05-18T17:57:43","slug":"juicio-oral-por-el-robo-de-equipos-e-infraestructura-de-telecom-implicado-propietario-de-chatarreria","status":"publish","type":"post","link":"https:\/\/eldiariodesanpedro.com.ar\/sitio\/juicio-oral-por-el-robo-de-equipos-e-infraestructura-de-telecom-implicado-propietario-de-chatarreria\/","title":{"rendered":"Juicio oral por el robo de equipos e infraestructura de Telecom: implicado propietario de chatarrer\u00eda"},"content":{"rendered":"<!-- VideographyWP Plugin Message: Automatic video embedding prevented by plugin options. -->\n\n<p>El Fiscal Federal de San Nicol\u00e1s, Mat\u00edas Di Lello, ha solicitado la elevaci\u00f3n a Juicio Oral de un caso relacionado con el robo de equipos e infraestructura propiedad de la empresa Telecom. El acusado es el propietario de una chatarrer\u00eda, acusado de adquirir restos de cables y filamentos de cobre con la intenci\u00f3n de obtener beneficios econ\u00f3micos, a sabiendas de que hab\u00edan sido robados a dos empresas de la zona.<\/p>\n\n\n\n<p>Este caso en particular no est\u00e1 relacionado con el que involucra a un residente de San Pedro y que condujo a allanamientos en junio de 2022. Se trata de una investigaci\u00f3n paralela en la que el hermano de una persona investigada en ese momento en San Nicol\u00e1s est\u00e1 imputado, seg\u00fan confirm\u00f3 el abogado Sergio Villarruel.<\/p>\n\n\n\n<p>La empresa Telecom hab\u00eda denunciado numerosos casos de robo relacionados con sus equipos e infraestructura ubicados en espacios p\u00fablicos. La sustracci\u00f3n de estos materiales ha generado interrupciones y problemas en el funcionamiento normal de los servicios de comunicaci\u00f3n y electricidad, seg\u00fan indic\u00f3 el representante del Ministerio P\u00fablico Fiscal.<\/p>\n\n\n\n<p>Un informe de la Polic\u00eda Federal revel\u00f3 que esta actividad delictiva es millonaria y que nuestra regi\u00f3n es la m\u00e1s afectada en el pa\u00eds. Una investigaci\u00f3n a nivel federal ha permitido identificar \u00abeslabones superiores de la cadena del cobre\u00bb que afectan los servicios de telecomunicaciones y electricidad.<\/p>\n\n\n\n<p>La Fiscal\u00eda Federal de San Nicol\u00e1s, bajo la direcci\u00f3n del Dr. Mat\u00edas Di Lello y la Secretar\u00eda del Dr. Wenceslao Ins\u00faa, ha impulsado esta investigaci\u00f3n. Los allanamientos fueron autorizados por el Juzgado Federal Nro. 2 de San Nicol\u00e1s, a cargo del Dr. Carlos Villafuerte Ruzo, y desde la Secretar\u00eda 3 del Dr. Cristi\u00e1n Lasalle.<\/p>\n","protected":false},"excerpt":{"rendered":"<p>El Fiscal Federal de San Nicol\u00e1s, Mat\u00edas Di Lello, ha solicitado la elevaci\u00f3n a Juicio Oral de un caso relacionado con el robo de equipos e infraestructura propiedad de la empresa Telecom. El acusado es el propietario de una chatarrer\u00eda, acusado de adquirir restos de cables y filamentos de cobre con la intenci\u00f3n de obtener [&hellip;]<\/p>\n","protected":false},"author":4,"featured_media":108283,"comment_status":"closed","ping_status":"closed","sticky":false,"template":"","format":"standard","meta":{"om_disable_all_campaigns":false,"_jetpack_memberships_contains_paid_content":false,"footnotes":""},"categories":[50,2,103],"tags":[],"class_list":["post-118346","post","type-post","status-publish","format-standard","has-post-thumbnail","hentry","category-destacadas","category-locales","category-policiales-locales"],"aioseo_notices":[],"gutentor_comment":0,"jetpack_featured_media_url":"https:\/\/eldiariodesanpedro.com.ar\/sitio\/wp-content\/uploads\/2022\/06\/WhatsApp-Image-2022-06-22-at-12.14.45-PM.jpeg","jetpack_shortlink":"https:\/\/wp.me\/p6RhLt-uMO","jetpack_sharing_enabled":true,"_links":{"self":[{"href":"https:\/\/eldiariodesanpedro.com.ar\/sitio\/wp-json\/wp\/v2\/posts\/118346","targetHints":{"allow":["GET"]}}],"collection":[{"href":"https:\/\/eldiariodesanpedro.com.ar\/sitio\/wp-json\/wp\/v2\/posts"}],"about":[{"href":"https:\/\/eldiariodesanpedro.com.ar\/sitio\/wp-json\/wp\/v2\/types\/post"}],"author":[{"embeddable":true,"href":"https:\/\/eldiariodesanpedro.com.ar\/sitio\/wp-json\/wp\/v2\/users\/4"}],"replies":[{"embeddable":true,"href":"https:\/\/eldiariodesanpedro.com.ar\/sitio\/wp-json\/wp\/v2\/comments?post=118346"}],"version-history":[{"count":1,"href":"https:\/\/eldiariodesanpedro.com.ar\/sitio\/wp-json\/wp\/v2\/posts\/118346\/revisions"}],"predecessor-version":[{"id":118347,"href":"https:\/\/eldiariodesanpedro.com.ar\/sitio\/wp-json\/wp\/v2\/posts\/118346\/revisions\/118347"}],"wp:featuredmedia":[{"embeddable":true,"href":"https:\/\/eldiariodesanpedro.com.ar\/sitio\/wp-json\/wp\/v2\/media\/108283"}],"wp:attachment":[{"href":"https:\/\/eldiariodesanpedro.com.ar\/sitio\/wp-json\/wp\/v2\/media?parent=118346"}],"wp:term":[{"taxonomy":"category","embeddable":true,"href":"https:\/\/eldiariodesanpedro.com.ar\/sitio\/wp-json\/wp\/v2\/categories?post=118346"},{"taxonomy":"post_tag","embeddable":true,"href":"https:\/\/eldiariodesanpedro.com.ar\/sitio\/wp-json\/wp\/v2\/tags?post=118346"}],"curies":[{"name":"wp","href":"https:\/\/api.w.org\/{rel}","templated":true}]}}