{"id":118342,"date":"2023-05-18T14:49:16","date_gmt":"2023-05-18T17:49:16","guid":{"rendered":"https:\/\/eldiariodesanpedro.com.ar\/sitio\/?p=118342"},"modified":"2023-05-18T14:49:18","modified_gmt":"2023-05-18T17:49:18","slug":"decomisan-partes-de-un-cerdo-por-triquinosis-en-san-pedro","status":"publish","type":"post","link":"https:\/\/eldiariodesanpedro.com.ar\/sitio\/decomisan-partes-de-un-cerdo-por-triquinosis-en-san-pedro\/","title":{"rendered":"Decomisan partes de un cerdo por triquinosis en San Pedro"},"content":{"rendered":"<!-- VideographyWP Plugin Message: Automatic video embedding prevented by plugin options. -->\n\n<p>En la ma\u00f1ana de este jueves, el personal de Bromatolog\u00eda de la Municipalidad de San Pedro llev\u00f3 a cabo un decomiso de diferentes partes de un cerdo, luego de que una muestra previa realizada en la dependencia municipal diera positivo de triquinosis.<\/p>\n\n\n\n<p>El cerdo en cuesti\u00f3n fue sometido a una faena casera con el prop\u00f3sito de elaborar chacinados. Ante esta situaci\u00f3n, se inform\u00f3 de inmediato al Ministerio de Desarrollo Agrario y al Servicio Nacional de Sanidad y Calidad Agroalimentaria (Senasa).<\/p>\n\n\n\n<p>Severio Guti\u00e9rrez, a cargo de Bromatolog\u00eda, explic\u00f3: \u00abSe van a tomar algunas muestras adicionales y posteriormente la carne ser\u00e1 destruida\u00bb. Es fundamental llevar a cabo este procedimiento para evitar la propagaci\u00f3n de la enfermedad y garantizar la seguridad alimentaria de la poblaci\u00f3n.<\/p>\n\n\n\n<p>La triquinosis es una enfermedad parasitaria que puede transmitirse a los seres humanos a trav\u00e9s del consumo de carne de cerdo cruda o mal cocida. Los s\u00edntomas incluyen fiebre, dolores musculares y gastrointestinales, y en casos graves puede provocar complicaciones card\u00edacas y neurol\u00f3gicas.<\/p>\n\n\n\n<p>Las autoridades sanitarias recomiendan a la poblaci\u00f3n extremar las precauciones al adquirir y consumir carne de cerdo, asegur\u00e1ndose de que provenga de establecimientos habilitados y que cumpla con las normas de higiene y seguridad. Asimismo, se insta a la comunidad a reportar cualquier irregularidad o sospecha de enfermedad en productos c\u00e1rnicos a las autoridades correspondientes.<\/p>\n\n\n\n<p>La Municipalidad de San Pedro continuar\u00e1 trabajando en estrecha colaboraci\u00f3n con los organismos competentes para prevenir y controlar la triquinosis, velando por la salud de sus habitantes.<\/p>\n\n\n\n<figure class=\"wp-block-image size-large\"><img decoding=\"async\" width=\"1024\" height=\"575\" data-attachment-id=\"118343\" data-permalink=\"https:\/\/eldiariodesanpedro.com.ar\/sitio\/decomisan-partes-de-un-cerdo-por-triquinosis-en-san-pedro\/imagen-de-whatsapp-2023-05-18-a-las-10-56-37\/\" data-orig-file=\"https:\/\/eldiariodesanpedro.com.ar\/sitio\/wp-content\/uploads\/2023\/05\/Imagen-de-WhatsApp-2023-05-18-a-las-10.56.37.jpg\" data-orig-size=\"1121,630\" data-comments-opened=\"0\" data-image-meta=\"{&quot;aperture&quot;:&quot;0&quot;,&quot;credit&quot;:&quot;&quot;,&quot;camera&quot;:&quot;&quot;,&quot;caption&quot;:&quot;&quot;,&quot;created_timestamp&quot;:&quot;0&quot;,&quot;copyright&quot;:&quot;&quot;,&quot;focal_length&quot;:&quot;0&quot;,&quot;iso&quot;:&quot;0&quot;,&quot;shutter_speed&quot;:&quot;0&quot;,&quot;title&quot;:&quot;&quot;,&quot;orientation&quot;:&quot;0&quot;}\" data-image-title=\"Imagen de WhatsApp 2023-05-18 a las 10.56.37\" data-image-description=\"\" data-image-caption=\"\" data-large-file=\"https:\/\/eldiariodesanpedro.com.ar\/sitio\/wp-content\/uploads\/2023\/05\/Imagen-de-WhatsApp-2023-05-18-a-las-10.56.37-1024x575.jpg\" data-src=\"https:\/\/eldiariodesanpedro.com.ar\/sitio\/wp-content\/uploads\/2023\/05\/Imagen-de-WhatsApp-2023-05-18-a-las-10.56.37-1024x575.jpg\" alt=\"\" class=\"wp-image-118343 lazyload\" data-srcset=\"https:\/\/eldiariodesanpedro.com.ar\/sitio\/wp-content\/uploads\/2023\/05\/Imagen-de-WhatsApp-2023-05-18-a-las-10.56.37-1024x575.jpg 1024w, https:\/\/eldiariodesanpedro.com.ar\/sitio\/wp-content\/uploads\/2023\/05\/Imagen-de-WhatsApp-2023-05-18-a-las-10.56.37-300x169.jpg 300w, https:\/\/eldiariodesanpedro.com.ar\/sitio\/wp-content\/uploads\/2023\/05\/Imagen-de-WhatsApp-2023-05-18-a-las-10.56.37-768x432.jpg 768w, https:\/\/eldiariodesanpedro.com.ar\/sitio\/wp-content\/uploads\/2023\/05\/Imagen-de-WhatsApp-2023-05-18-a-las-10.56.37.jpg 1121w\" data-sizes=\"(max-width: 1024px) 100vw, 1024px\" src=\"data:image\/svg+xml;base64,PHN2ZyB3aWR0aD0iMSIgaGVpZ2h0PSIxIiB4bWxucz0iaHR0cDovL3d3dy53My5vcmcvMjAwMC9zdmciPjwvc3ZnPg==\" style=\"--smush-placeholder-width: 1024px; --smush-placeholder-aspect-ratio: 1024\/575;\" \/><\/figure>\n","protected":false},"excerpt":{"rendered":"<p>En la ma\u00f1ana de este jueves, el personal de Bromatolog\u00eda de la Municipalidad de San Pedro llev\u00f3 a cabo un decomiso de diferentes partes de un cerdo, luego de que una muestra previa realizada en la dependencia municipal diera positivo de triquinosis. El cerdo en cuesti\u00f3n fue sometido a una faena casera con el prop\u00f3sito [&hellip;]<\/p>\n","protected":false},"author":4,"featured_media":118344,"comment_status":"closed","ping_status":"closed","sticky":false,"template":"","format":"standard","meta":{"om_disable_all_campaigns":false,"_jetpack_memberships_contains_paid_content":false,"footnotes":""},"categories":[50,101,2],"tags":[4177,4185,4178,4181,4180,3758,4183,4182,4186,4184,3865,4179],"class_list":["post-118342","post","type-post","status-publish","format-standard","has-post-thumbnail","hentry","category-destacadas","category-interes-general-locales","category-locales","tag-bromatologia-2","tag-colaboracion-con-organismos-competentes","tag-decomiso-de-carne-de-cerdo","tag-enfermedades-parasitarias","tag-ministerio-de-desarrollo-agrario","tag-municipalidad-de-san-pedro","tag-normas-de-higiene-y-seguridad","tag-precauciones-en-el-consumo-de-carne-de-cerdo","tag-prevencion-y-control-de-enfermedades","tag-reportar-irregularidades","tag-seguridad-alimentaria","tag-senasa"],"aioseo_notices":[],"gutentor_comment":0,"jetpack_featured_media_url":"https:\/\/eldiariodesanpedro.com.ar\/sitio\/wp-content\/uploads\/2023\/05\/Imagen-de-WhatsApp-2023-05-18-a-las-10.56.372.jpg","jetpack_shortlink":"https:\/\/wp.me\/p6RhLt-uMK","jetpack_sharing_enabled":true,"_links":{"self":[{"href":"https:\/\/eldiariodesanpedro.com.ar\/sitio\/wp-json\/wp\/v2\/posts\/118342","targetHints":{"allow":["GET"]}}],"collection":[{"href":"https:\/\/eldiariodesanpedro.com.ar\/sitio\/wp-json\/wp\/v2\/posts"}],"about":[{"href":"https:\/\/eldiariodesanpedro.com.ar\/sitio\/wp-json\/wp\/v2\/types\/post"}],"author":[{"embeddable":true,"href":"https:\/\/eldiariodesanpedro.com.ar\/sitio\/wp-json\/wp\/v2\/users\/4"}],"replies":[{"embeddable":true,"href":"https:\/\/eldiariodesanpedro.com.ar\/sitio\/wp-json\/wp\/v2\/comments?post=118342"}],"version-history":[{"count":1,"href":"https:\/\/eldiariodesanpedro.com.ar\/sitio\/wp-json\/wp\/v2\/posts\/118342\/revisions"}],"predecessor-version":[{"id":118345,"href":"https:\/\/eldiariodesanpedro.com.ar\/sitio\/wp-json\/wp\/v2\/posts\/118342\/revisions\/118345"}],"wp:featuredmedia":[{"embeddable":true,"href":"https:\/\/eldiariodesanpedro.com.ar\/sitio\/wp-json\/wp\/v2\/media\/118344"}],"wp:attachment":[{"href":"https:\/\/eldiariodesanpedro.com.ar\/sitio\/wp-json\/wp\/v2\/media?parent=118342"}],"wp:term":[{"taxonomy":"category","embeddable":true,"href":"https:\/\/eldiariodesanpedro.com.ar\/sitio\/wp-json\/wp\/v2\/categories?post=118342"},{"taxonomy":"post_tag","embeddable":true,"href":"https:\/\/eldiariodesanpedro.com.ar\/sitio\/wp-json\/wp\/v2\/tags?post=118342"}],"curies":[{"name":"wp","href":"https:\/\/api.w.org\/{rel}","templated":true}]}}