{"id":118154,"date":"2023-05-15T18:52:45","date_gmt":"2023-05-15T21:52:45","guid":{"rendered":"https:\/\/eldiariodesanpedro.com.ar\/sitio\/?p=118154"},"modified":"2023-05-15T18:52:47","modified_gmt":"2023-05-15T21:52:47","slug":"el-intendente-recibio-al-empresario-jorge-caso-por-la-construccion-de-una-nueva-estacion-de-servicio-y-parador-sobre-la-autopista","status":"publish","type":"post","link":"https:\/\/eldiariodesanpedro.com.ar\/sitio\/el-intendente-recibio-al-empresario-jorge-caso-por-la-construccion-de-una-nueva-estacion-de-servicio-y-parador-sobre-la-autopista\/","title":{"rendered":"El Intendente recibi\u00f3 al empresario Jorge Caso por la construcci\u00f3n de una nueva estaci\u00f3n de servicio y parador sobre la autopista"},"content":{"rendered":"<!-- VideographyWP Plugin Message: Automatic video embedding prevented by plugin options. -->\n\n<p>El Intendente Cecilio Salazar recibi\u00f3 este mediod\u00eda en su despacho al empresario sampedrino Jorge Caso, titular de \u201cJorge Caso S.A.\u201d y al Contador Diego S\u00e1nchez, para dialogar sobre la nueva inversi\u00f3n que lleva adelante el grupo, con la construcci\u00f3n de una estaci\u00f3n de servicio y parador sobre la autopista en un predio de 10 hect\u00e1reas, en el kil\u00f3metro 162 de la Ruta 9, sobre el carril Rosario &#8211; Buenos Aires.<\/p>\n\n\n\n<p>En la charla presentaron toda la documentaci\u00f3n t\u00e9cnica sobre este ambicioso proyecto que permitir\u00e1 a los sampedrinos y a quienes circulan por la Ruta 9 contar con una nueva instalaci\u00f3n de similares caracter\u00edsticas a \u00abLa Serena\u00bb sobre el carril Buenos Aires &#8211; Rosario, recientemente remodelada.<\/p>\n\n\n\n<p>Cabe destacar que en las diferentes etapas de la construcci\u00f3n y m\u00e1s a\u00fan cuando se ponga en marcha el parador, representa una fuente de trabajo para entre 80 y 100 familias de San Pedro y la zona.<\/p>\n\n\n\n<p>De acuerdo a lo que detallaron en la charla con el Intendente el proyecto requiere la autorizaci\u00f3n de la Direcci\u00f3n Nacional de Vialidad para contar con accesos directos desde la autopista y desde el gobierno municipal se acompa\u00f1ar\u00e1n todas las gestiones necesarias en ese sentido.<\/p>\n\n\n\n<p>El nuevo Parador de Servicios contar\u00e1, sobre un predio totalmente iluminado, capacidad para m\u00e1s de 300 veh\u00edculos pesados y livianos, toda la infraestructura necesaria para recibir y brindar servicios a transportistas, turistas y viajeros, servicios sanitarios completos, asistencia mec\u00e1nica, estaci\u00f3n de servicios para combustibles (incluyendo GNC) y lubricantes, para veh\u00edculos pesados y livianos, puntos cargadores para veh\u00edculos el\u00e9ctricos, gastronom\u00eda las 24 horas, puesto de primeros auxilios, tanque de agua de aprovisionamiento para Bomberos, cajeros autom\u00e1ticos e instalaciones para policial vial y polic\u00eda rural entre otras.<\/p>\n\n\n\n<p>El Intendente se comprometi\u00f3 a visitar pr\u00f3ximamente la obra y destac\u00f3 una vez m\u00e1s la apuesta al presente y al futuro de la regi\u00f3n que la empresa est\u00e1 llevando\u00a0adelante.<\/p>\n\n\n\n<figure class=\"wp-block-image size-large\"><img decoding=\"async\" width=\"1024\" height=\"620\" data-attachment-id=\"118155\" data-permalink=\"https:\/\/eldiariodesanpedro.com.ar\/sitio\/el-intendente-recibio-al-empresario-jorge-caso-por-la-construccion-de-una-nueva-estacion-de-servicio-y-parador-sobre-la-autopista\/imagen-de-whatsapp-2023-05-15-a-las-15-31-05\/\" data-orig-file=\"https:\/\/eldiariodesanpedro.com.ar\/sitio\/wp-content\/uploads\/2023\/05\/Imagen-de-WhatsApp-2023-05-15-a-las-15.31.05.jpg\" data-orig-size=\"1041,630\" data-comments-opened=\"0\" data-image-meta=\"{&quot;aperture&quot;:&quot;0&quot;,&quot;credit&quot;:&quot;&quot;,&quot;camera&quot;:&quot;&quot;,&quot;caption&quot;:&quot;&quot;,&quot;created_timestamp&quot;:&quot;0&quot;,&quot;copyright&quot;:&quot;&quot;,&quot;focal_length&quot;:&quot;0&quot;,&quot;iso&quot;:&quot;0&quot;,&quot;shutter_speed&quot;:&quot;0&quot;,&quot;title&quot;:&quot;&quot;,&quot;orientation&quot;:&quot;0&quot;}\" data-image-title=\"Imagen de WhatsApp 2023-05-15 a las 15.31.05\" data-image-description=\"\" data-image-caption=\"\" data-large-file=\"https:\/\/eldiariodesanpedro.com.ar\/sitio\/wp-content\/uploads\/2023\/05\/Imagen-de-WhatsApp-2023-05-15-a-las-15.31.05-1024x620.jpg\" data-src=\"https:\/\/eldiariodesanpedro.com.ar\/sitio\/wp-content\/uploads\/2023\/05\/Imagen-de-WhatsApp-2023-05-15-a-las-15.31.05-1024x620.jpg\" alt=\"\" class=\"wp-image-118155 lazyload\" data-srcset=\"https:\/\/eldiariodesanpedro.com.ar\/sitio\/wp-content\/uploads\/2023\/05\/Imagen-de-WhatsApp-2023-05-15-a-las-15.31.05-1024x620.jpg 1024w, https:\/\/eldiariodesanpedro.com.ar\/sitio\/wp-content\/uploads\/2023\/05\/Imagen-de-WhatsApp-2023-05-15-a-las-15.31.05-300x182.jpg 300w, https:\/\/eldiariodesanpedro.com.ar\/sitio\/wp-content\/uploads\/2023\/05\/Imagen-de-WhatsApp-2023-05-15-a-las-15.31.05-768x465.jpg 768w, https:\/\/eldiariodesanpedro.com.ar\/sitio\/wp-content\/uploads\/2023\/05\/Imagen-de-WhatsApp-2023-05-15-a-las-15.31.05.jpg 1041w\" data-sizes=\"(max-width: 1024px) 100vw, 1024px\" src=\"data:image\/svg+xml;base64,PHN2ZyB3aWR0aD0iMSIgaGVpZ2h0PSIxIiB4bWxucz0iaHR0cDovL3d3dy53My5vcmcvMjAwMC9zdmciPjwvc3ZnPg==\" style=\"--smush-placeholder-width: 1024px; --smush-placeholder-aspect-ratio: 1024\/620;\" \/><\/figure>\n\n\n\n<figure class=\"wp-block-image size-full\"><img decoding=\"async\" width=\"937\" height=\"630\" data-attachment-id=\"118158\" data-permalink=\"https:\/\/eldiariodesanpedro.com.ar\/sitio\/el-intendente-recibio-al-empresario-jorge-caso-por-la-construccion-de-una-nueva-estacion-de-servicio-y-parador-sobre-la-autopista\/imagen-de-whatsapp-2023-05-15-a-las-15-31-09\/\" data-orig-file=\"https:\/\/eldiariodesanpedro.com.ar\/sitio\/wp-content\/uploads\/2023\/05\/Imagen-de-WhatsApp-2023-05-15-a-las-15.31.09.jpg\" data-orig-size=\"937,630\" data-comments-opened=\"0\" data-image-meta=\"{&quot;aperture&quot;:&quot;0&quot;,&quot;credit&quot;:&quot;&quot;,&quot;camera&quot;:&quot;&quot;,&quot;caption&quot;:&quot;&quot;,&quot;created_timestamp&quot;:&quot;0&quot;,&quot;copyright&quot;:&quot;&quot;,&quot;focal_length&quot;:&quot;0&quot;,&quot;iso&quot;:&quot;0&quot;,&quot;shutter_speed&quot;:&quot;0&quot;,&quot;title&quot;:&quot;&quot;,&quot;orientation&quot;:&quot;0&quot;}\" data-image-title=\"Imagen de WhatsApp 2023-05-15 a las 15.31.09\" data-image-description=\"\" data-image-caption=\"\" data-large-file=\"https:\/\/eldiariodesanpedro.com.ar\/sitio\/wp-content\/uploads\/2023\/05\/Imagen-de-WhatsApp-2023-05-15-a-las-15.31.09.jpg\" data-src=\"https:\/\/eldiariodesanpedro.com.ar\/sitio\/wp-content\/uploads\/2023\/05\/Imagen-de-WhatsApp-2023-05-15-a-las-15.31.09.jpg\" alt=\"\" class=\"wp-image-118158 lazyload\" data-srcset=\"https:\/\/eldiariodesanpedro.com.ar\/sitio\/wp-content\/uploads\/2023\/05\/Imagen-de-WhatsApp-2023-05-15-a-las-15.31.09.jpg 937w, https:\/\/eldiariodesanpedro.com.ar\/sitio\/wp-content\/uploads\/2023\/05\/Imagen-de-WhatsApp-2023-05-15-a-las-15.31.09-300x202.jpg 300w, https:\/\/eldiariodesanpedro.com.ar\/sitio\/wp-content\/uploads\/2023\/05\/Imagen-de-WhatsApp-2023-05-15-a-las-15.31.09-768x516.jpg 768w\" data-sizes=\"(max-width: 937px) 100vw, 937px\" src=\"data:image\/svg+xml;base64,PHN2ZyB3aWR0aD0iMSIgaGVpZ2h0PSIxIiB4bWxucz0iaHR0cDovL3d3dy53My5vcmcvMjAwMC9zdmciPjwvc3ZnPg==\" style=\"--smush-placeholder-width: 937px; --smush-placeholder-aspect-ratio: 937\/630;\" \/><\/figure>\n","protected":false},"excerpt":{"rendered":"<p>El Intendente Cecilio Salazar recibi\u00f3 este mediod\u00eda en su despacho al empresario sampedrino Jorge Caso, titular de \u201cJorge Caso S.A.\u201d y al Contador Diego S\u00e1nchez, para dialogar sobre la nueva inversi\u00f3n que lleva adelante el grupo, con la construcci\u00f3n de una estaci\u00f3n de servicio y parador sobre la autopista en un predio de 10 hect\u00e1reas, [&hellip;]<\/p>\n","protected":false},"author":4,"featured_media":118156,"comment_status":"closed","ping_status":"closed","sticky":false,"template":"","format":"standard","meta":{"om_disable_all_campaigns":false,"_jetpack_memberships_contains_paid_content":false,"footnotes":""},"categories":[50,101,2],"tags":[197,696,33,19],"class_list":["post-118154","post","type-post","status-publish","format-standard","has-post-thumbnail","hentry","category-destacadas","category-interes-general-locales","category-locales","tag-buenos-aires","tag-interes-general","tag-locales","tag-san-pedro"],"aioseo_notices":[],"gutentor_comment":0,"jetpack_featured_media_url":"https:\/\/eldiariodesanpedro.com.ar\/sitio\/wp-content\/uploads\/2023\/05\/Imagen-de-WhatsApp-2023-05-15-a-las-15.31.06.jpg","jetpack_shortlink":"https:\/\/wp.me\/p6RhLt-uJI","jetpack_sharing_enabled":true,"_links":{"self":[{"href":"https:\/\/eldiariodesanpedro.com.ar\/sitio\/wp-json\/wp\/v2\/posts\/118154","targetHints":{"allow":["GET"]}}],"collection":[{"href":"https:\/\/eldiariodesanpedro.com.ar\/sitio\/wp-json\/wp\/v2\/posts"}],"about":[{"href":"https:\/\/eldiariodesanpedro.com.ar\/sitio\/wp-json\/wp\/v2\/types\/post"}],"author":[{"embeddable":true,"href":"https:\/\/eldiariodesanpedro.com.ar\/sitio\/wp-json\/wp\/v2\/users\/4"}],"replies":[{"embeddable":true,"href":"https:\/\/eldiariodesanpedro.com.ar\/sitio\/wp-json\/wp\/v2\/comments?post=118154"}],"version-history":[{"count":1,"href":"https:\/\/eldiariodesanpedro.com.ar\/sitio\/wp-json\/wp\/v2\/posts\/118154\/revisions"}],"predecessor-version":[{"id":118159,"href":"https:\/\/eldiariodesanpedro.com.ar\/sitio\/wp-json\/wp\/v2\/posts\/118154\/revisions\/118159"}],"wp:featuredmedia":[{"embeddable":true,"href":"https:\/\/eldiariodesanpedro.com.ar\/sitio\/wp-json\/wp\/v2\/media\/118156"}],"wp:attachment":[{"href":"https:\/\/eldiariodesanpedro.com.ar\/sitio\/wp-json\/wp\/v2\/media?parent=118154"}],"wp:term":[{"taxonomy":"category","embeddable":true,"href":"https:\/\/eldiariodesanpedro.com.ar\/sitio\/wp-json\/wp\/v2\/categories?post=118154"},{"taxonomy":"post_tag","embeddable":true,"href":"https:\/\/eldiariodesanpedro.com.ar\/sitio\/wp-json\/wp\/v2\/tags?post=118154"}],"curies":[{"name":"wp","href":"https:\/\/api.w.org\/{rel}","templated":true}]}}