{"id":118145,"date":"2023-05-15T14:54:52","date_gmt":"2023-05-15T17:54:52","guid":{"rendered":"https:\/\/eldiariodesanpedro.com.ar\/sitio\/?p=118145"},"modified":"2023-05-15T14:54:54","modified_gmt":"2023-05-15T17:54:54","slug":"comenzaron-los-talleres-en-el-centro-juvenil-santa-lucia","status":"publish","type":"post","link":"https:\/\/eldiariodesanpedro.com.ar\/sitio\/comenzaron-los-talleres-en-el-centro-juvenil-santa-lucia\/","title":{"rendered":"Comenzaron los Talleres en el Centro Juvenil Santa Lucia"},"content":{"rendered":"<!-- VideographyWP Plugin Message: Automatic video embedding prevented by plugin options. -->\n\n<p><br>Este jueves se dieron inicio a los talleres en el Centro Juvenil Santa Luc\u00eda, ubicado en la Casa de Teatro de San Pedro. Estos talleres son promovidos por la Secretar\u00eda de Desarrollo Humano de la Municipalidad de San Pedro y est\u00e1n dirigidos a j\u00f3venes y adolescentes de 12 a 29 a\u00f1os. El principal objetivo de estos talleres es brindar propuestas que se ajusten a los intereses de los participantes y crear un espacio donde puedan expresar sus inquietudes.<\/p>\n\n\n\n<p>Inicialmente, se comenzaron a dictar los talleres de Ensamble Musical, los cuales se llevar\u00e1n a cabo todos los jueves de 18:30 a 20:30 horas, y el taller de Montaje de Obra de Teatro, que se realizar\u00e1 todos los jueves de 18:00 a 20:00 horas. Sin embargo, se planea agregar m\u00e1s actividades relacionadas con los intereses de los j\u00f3venes y adolescentes, con el fin de fomentar su participaci\u00f3n y permitirles expresar sus inquietudes e intereses de manera creativa.<\/p>\n\n\n\n<p>El Centro Juvenil Santa Luc\u00eda se presenta como un espacio enriquecedor para los j\u00f3venes y adolescentes de San Pedro, brind\u00e1ndoles la oportunidad de desarrollar sus habilidades y talentos en un ambiente estimulante y acogedor. Se espera que estos talleres sean el punto de partida para futuras actividades y proyectos que contribuyan al crecimiento personal y social de los participantes.<\/p>\n","protected":false},"excerpt":{"rendered":"<p>Este jueves se dieron inicio a los talleres en el Centro Juvenil Santa Luc\u00eda, ubicado en la Casa de Teatro de San Pedro. Estos talleres son promovidos por la Secretar\u00eda de Desarrollo Humano de la Municipalidad de San Pedro y est\u00e1n dirigidos a j\u00f3venes y adolescentes de 12 a 29 a\u00f1os. El principal objetivo de [&hellip;]<\/p>\n","protected":false},"author":4,"featured_media":118146,"comment_status":"closed","ping_status":"closed","sticky":false,"template":"","format":"standard","meta":{"om_disable_all_campaigns":false,"_jetpack_memberships_contains_paid_content":false,"footnotes":""},"categories":[101,2],"tags":[197,4156,696,19],"class_list":["post-118145","post","type-post","status-publish","format-standard","has-post-thumbnail","hentry","category-interes-general-locales","category-locales","tag-buenos-aires","tag-comenzaron-los-talleres-en-el-centro-juvenil-santa-lucia","tag-interes-general","tag-san-pedro"],"aioseo_notices":[],"gutentor_comment":0,"jetpack_featured_media_url":"https:\/\/eldiariodesanpedro.com.ar\/sitio\/wp-content\/uploads\/2023\/05\/Imagen-de-WhatsApp-2023-05-15-a-las-09.36.06.jpg","jetpack_shortlink":"https:\/\/wp.me\/p6RhLt-uJz","jetpack_sharing_enabled":true,"_links":{"self":[{"href":"https:\/\/eldiariodesanpedro.com.ar\/sitio\/wp-json\/wp\/v2\/posts\/118145","targetHints":{"allow":["GET"]}}],"collection":[{"href":"https:\/\/eldiariodesanpedro.com.ar\/sitio\/wp-json\/wp\/v2\/posts"}],"about":[{"href":"https:\/\/eldiariodesanpedro.com.ar\/sitio\/wp-json\/wp\/v2\/types\/post"}],"author":[{"embeddable":true,"href":"https:\/\/eldiariodesanpedro.com.ar\/sitio\/wp-json\/wp\/v2\/users\/4"}],"replies":[{"embeddable":true,"href":"https:\/\/eldiariodesanpedro.com.ar\/sitio\/wp-json\/wp\/v2\/comments?post=118145"}],"version-history":[{"count":1,"href":"https:\/\/eldiariodesanpedro.com.ar\/sitio\/wp-json\/wp\/v2\/posts\/118145\/revisions"}],"predecessor-version":[{"id":118147,"href":"https:\/\/eldiariodesanpedro.com.ar\/sitio\/wp-json\/wp\/v2\/posts\/118145\/revisions\/118147"}],"wp:featuredmedia":[{"embeddable":true,"href":"https:\/\/eldiariodesanpedro.com.ar\/sitio\/wp-json\/wp\/v2\/media\/118146"}],"wp:attachment":[{"href":"https:\/\/eldiariodesanpedro.com.ar\/sitio\/wp-json\/wp\/v2\/media?parent=118145"}],"wp:term":[{"taxonomy":"category","embeddable":true,"href":"https:\/\/eldiariodesanpedro.com.ar\/sitio\/wp-json\/wp\/v2\/categories?post=118145"},{"taxonomy":"post_tag","embeddable":true,"href":"https:\/\/eldiariodesanpedro.com.ar\/sitio\/wp-json\/wp\/v2\/tags?post=118145"}],"curies":[{"name":"wp","href":"https:\/\/api.w.org\/{rel}","templated":true}]}}