{"id":118141,"date":"2023-05-15T14:31:38","date_gmt":"2023-05-15T17:31:38","guid":{"rendered":"https:\/\/eldiariodesanpedro.com.ar\/sitio\/?p=118141"},"modified":"2023-05-15T14:51:07","modified_gmt":"2023-05-15T17:51:07","slug":"se-abrio-el-ingreso-a-las-escuelas-de-formacion-policial-de-la-provincia-de-buenos-aires","status":"publish","type":"post","link":"https:\/\/eldiariodesanpedro.com.ar\/sitio\/se-abrio-el-ingreso-a-las-escuelas-de-formacion-policial-de-la-provincia-de-buenos-aires\/","title":{"rendered":"Se abri\u00f3 el ingreso a las Escuelas de Formaci\u00f3n Policial de la Provincia de Buenos Aires"},"content":{"rendered":"<!-- VideographyWP Plugin Message: Automatic video embedding prevented by plugin options. -->\n\n<p>a Municipalidad de San Pedro, a trav\u00e9s de la Secretar\u00eda de Seguridad, informa que est\u00e1 abierta la inscripci\u00f3n para quienes deseen incorporarse a la Polic\u00eda Rural de la Provincia de Buenos Aires.<\/p>\n\n\n\n<p>Podr\u00e1n inscribirse como aspirantes a cadetes de la fuerza, hombres y mujeres de hasta 29 a\u00f1os (29 a\u00f1os al momento de incorporaci\u00f3n a la Escuela de Polic\u00eda).<\/p>\n\n\n\n<p>Si bien todo el tr\u00e1mite debe realizarse de manera on-line, desde la Municipalidad de San Pedro se pone a disposici\u00f3n el asesoramiento de la Secretar\u00eda de Seguridad en Mitre 1925.<\/p>\n\n\n\n<p>El formulario de carga y la informaci\u00f3n on-line correspondiente se encuentra disponible aqu\u00ed: <a href=\"https:\/\/www.mseg.gba.gov.ar\">https:\/\/www.mseg.gba.gov.ar<\/a><\/p>\n\n\n\n<p>Requisitos formales para la Inscripci\u00f3n:<\/p>\n\n\n\n<ul class=\"wp-block-list\">\n<li>Ser argentino nativo, naturalizado o por opci\u00f3n.<\/li>\n\n\n\n<li>Tener entre 17 a 29 a\u00f1os de edad (29 a\u00f1os al momento de incorporaci\u00f3n a la Escuela de Polic\u00eda).<\/li>\n\n\n\n<li>Tener domicilio registrado en Provincia de Buenos Aires.<\/li>\n\n\n\n<li>Poseer condiciones de moralidad y buenas costumbres.<\/li>\n\n\n\n<li>Haber finalizado el nivel secundario y excepcionalmente quienes adeuden materias del \u00faltimo a\u00f1o del nivel secundario, las cuales deber\u00e1n ser aprobadas antes de la fecha de finalizaci\u00f3n del curso correspondiente.<\/li>\n\n\n\n<li>Responder a las aptitudes psicof\u00edsicas que establezca la presente y su reglamentaci\u00f3n.<\/li>\n\n\n\n<li>Suscribir, en el caso de los egresados de los Institutos de formaci\u00f3n policial de las Polic\u00edas de la Provincia de Buenos Aires, el compromiso de prestar servicios en la Instituci\u00f3n por un per\u00edodo de tres (3) a\u00f1os.<\/li>\n<\/ul>\n\n\n\n<p>Documentaci\u00f3n Requerida:<\/p>\n\n\n\n<ul class=\"wp-block-list\">\n<li>Planilla de Inscripci\u00f3n con firma y sellos correspondientes sin enmiendas.<\/li>\n\n\n\n<li>Una foto 4&#215;4 color, de frente, fondo blanco (reciente).<\/li>\n\n\n\n<li>Una fotocopia del DNI (frente y dorso).<\/li>\n\n\n\n<li>Fotocopia de Partida de Nacimiento.<\/li>\n\n\n\n<li>Una fotocopia de T\u00edtulo de Estudios Secundarios (autenticada por autoridad judicial o administrativa competente), o en su defecto Constancia Original del tr\u00e1mite del mismo.<\/li>\n\n\n\n<li>Constancia de CUIL.<\/li>\n\n\n\n<li>Certificado de Reincidencia (consultar web <a href=\"http:\/\/www.dnrec.jus.gov.ar\">www.dnrec.jus.gov.ar<\/a>).<\/li>\n\n\n\n<li>Certificado de Antecedentes Policiales (consultar web <a href=\"http:\/\/www.mseg.gba.gov.ar\">www.mseg.gba.gov.ar<\/a>).<\/li>\n\n\n\n<li>Deudor Alimentario (s\u00f3lo si tiene hijos\/as &#8211; <a href=\"mailto:dmorosos@mjus.gba.gob.ar\">dmorosos@mjus.gba.gob.ar<\/a>).<\/li>\n\n\n\n<li>Fotocopia de Licencia de Conducir&nbsp;(si&nbsp;tuviera).<\/li>\n<\/ul>\n","protected":false},"excerpt":{"rendered":"<p>a Municipalidad de San Pedro, a trav\u00e9s de la Secretar\u00eda de Seguridad, informa que est\u00e1 abierta la inscripci\u00f3n para quienes deseen incorporarse a la Polic\u00eda Rural de la Provincia de Buenos Aires. Podr\u00e1n inscribirse como aspirantes a cadetes de la fuerza, hombres y mujeres de hasta 29 a\u00f1os (29 a\u00f1os al momento de incorporaci\u00f3n a [&hellip;]<\/p>\n","protected":false},"author":4,"featured_media":112344,"comment_status":"closed","ping_status":"closed","sticky":false,"template":"","format":"standard","meta":{"om_disable_all_campaigns":false,"_jetpack_memberships_contains_paid_content":false,"footnotes":""},"categories":[50,101,2],"tags":[4155],"class_list":["post-118141","post","type-post","status-publish","format-standard","has-post-thumbnail","hentry","category-destacadas","category-interes-general-locales","category-locales","tag-se-abrio-el-ingreso-a-las-escuelas-de-formacion-policial-de-la-provincia-de-buenos-aires"],"aioseo_notices":[],"gutentor_comment":0,"jetpack_featured_media_url":"https:\/\/eldiariodesanpedro.com.ar\/sitio\/wp-content\/uploads\/2022\/11\/Policia1.jpg","jetpack_shortlink":"https:\/\/wp.me\/p6RhLt-uJv","jetpack_sharing_enabled":true,"_links":{"self":[{"href":"https:\/\/eldiariodesanpedro.com.ar\/sitio\/wp-json\/wp\/v2\/posts\/118141","targetHints":{"allow":["GET"]}}],"collection":[{"href":"https:\/\/eldiariodesanpedro.com.ar\/sitio\/wp-json\/wp\/v2\/posts"}],"about":[{"href":"https:\/\/eldiariodesanpedro.com.ar\/sitio\/wp-json\/wp\/v2\/types\/post"}],"author":[{"embeddable":true,"href":"https:\/\/eldiariodesanpedro.com.ar\/sitio\/wp-json\/wp\/v2\/users\/4"}],"replies":[{"embeddable":true,"href":"https:\/\/eldiariodesanpedro.com.ar\/sitio\/wp-json\/wp\/v2\/comments?post=118141"}],"version-history":[{"count":3,"href":"https:\/\/eldiariodesanpedro.com.ar\/sitio\/wp-json\/wp\/v2\/posts\/118141\/revisions"}],"predecessor-version":[{"id":118144,"href":"https:\/\/eldiariodesanpedro.com.ar\/sitio\/wp-json\/wp\/v2\/posts\/118141\/revisions\/118144"}],"wp:featuredmedia":[{"embeddable":true,"href":"https:\/\/eldiariodesanpedro.com.ar\/sitio\/wp-json\/wp\/v2\/media\/112344"}],"wp:attachment":[{"href":"https:\/\/eldiariodesanpedro.com.ar\/sitio\/wp-json\/wp\/v2\/media?parent=118141"}],"wp:term":[{"taxonomy":"category","embeddable":true,"href":"https:\/\/eldiariodesanpedro.com.ar\/sitio\/wp-json\/wp\/v2\/categories?post=118141"},{"taxonomy":"post_tag","embeddable":true,"href":"https:\/\/eldiariodesanpedro.com.ar\/sitio\/wp-json\/wp\/v2\/tags?post=118141"}],"curies":[{"name":"wp","href":"https:\/\/api.w.org\/{rel}","templated":true}]}}