{"id":118136,"date":"2023-05-15T14:22:14","date_gmt":"2023-05-15T17:22:14","guid":{"rendered":"https:\/\/eldiariodesanpedro.com.ar\/sitio\/?p=118136"},"modified":"2023-05-15T14:29:08","modified_gmt":"2023-05-15T17:29:08","slug":"fin-de-semana-con-varios-hechos-de-transito","status":"publish","type":"post","link":"https:\/\/eldiariodesanpedro.com.ar\/sitio\/fin-de-semana-con-varios-hechos-de-transito\/","title":{"rendered":"Fin de semana con varios hechos de transito"},"content":{"rendered":"<!-- VideographyWP Plugin Message: Automatic video embedding prevented by plugin options. -->\n\n<p>Tres accidentes de tr\u00e1nsito se registraron el pasado s\u00e1bado en distintas zonas de la ciudad. Uno de ellos tuvo lugar en la intersecci\u00f3n de la calle Uruguay y Libertad, donde ocurri\u00f3 una colisi\u00f3n entre un autom\u00f3vil Renault Clio, conducido por un hombre de 26 a\u00f1os, y una motocicleta Guerrero Trip 110cc, manejada por una mujer de 41 a\u00f1os que iba acompa\u00f1ada por su hijo de 10 a\u00f1os.<\/p>\n\n\n\n<p>El impacto dej\u00f3 a la conductora de la motocicleta con heridas graves, por lo que ambos ocupantes de la moto fueron trasladados de inmediato al hospital local. Afortunadamente, el ni\u00f1o no sufri\u00f3 heridas en el accidente.<\/p>\n\n\n\n<p>Otro incidente tuvo lugar en la intersecci\u00f3n de la calle B. Mitre (Colectora) y la Rotonda San Pedro. Seg\u00fan las investigaciones en curso, una mujer de 40 a\u00f1os que circulaba en bicicleta fue embestida por una camioneta blanca cuyo conductor, un hombre, se dio a la fuga del lugar.<\/p>\n\n\n\n<p>Como resultado del accidente, la conductora de la bicicleta fue llevada a la sala de emergencias del hospital local, presentando lesiones leves. La Unidad Fiscal de Instrucci\u00f3n n\u00famero 11 de la jurisdicci\u00f3n local est\u00e1 a cargo de la investigaci\u00f3n y trabaja para esclarecer los hechos y encontrar al conductor fugitivo.<\/p>\n\n\n\n<p>Por \u00faltimo, se produjo una colisi\u00f3n en las calles Mitre y Gral. Pueyrred\u00f3n. Seg\u00fan las investigaciones, un autom\u00f3vil VW Senda, conducido por una mujer de 40 a\u00f1os, colision\u00f3 con una motocicleta Gilera Smash 110 cc, manejada por una joven de 14 a\u00f1os que iba acompa\u00f1ada por su hermano de 15 a\u00f1os.<\/p>\n\n\n\n<p>Ambos ocupantes de la motocicleta resultaron lesionados y fueron trasladados en una ambulancia del SAME al hospital local. Afortunadamente, la conductora de la motocicleta sufri\u00f3 lesiones leves, mientras que su acompa\u00f1ante result\u00f3 ileso.<\/p>\n\n\n\n<p>La Unidad Fiscal de Instrucci\u00f3n n\u00famero 11 de la jurisdicci\u00f3n local est\u00e1 investigando el caso y realizando las diligencias correspondientes para determinar las circunstancias exactas del accidente. Se espera que los testimonios de testigos y las pruebas recopiladas ayuden a dar con el paradero del conductor fugitivo.<\/p>\n\n\n\n<figure class=\"wp-block-image size-full\"><img decoding=\"async\" width=\"800\" height=\"445\" data-attachment-id=\"118139\" data-permalink=\"https:\/\/eldiariodesanpedro.com.ar\/sitio\/fin-de-semana-con-varios-hechos-de-transito\/accidente-grave-1-800x445\/\" data-orig-file=\"https:\/\/eldiariodesanpedro.com.ar\/sitio\/wp-content\/uploads\/2023\/05\/accidente-grave-1-800x445-1.jpg\" data-orig-size=\"800,445\" data-comments-opened=\"0\" data-image-meta=\"{&quot;aperture&quot;:&quot;0&quot;,&quot;credit&quot;:&quot;&quot;,&quot;camera&quot;:&quot;&quot;,&quot;caption&quot;:&quot;&quot;,&quot;created_timestamp&quot;:&quot;0&quot;,&quot;copyright&quot;:&quot;&quot;,&quot;focal_length&quot;:&quot;0&quot;,&quot;iso&quot;:&quot;0&quot;,&quot;shutter_speed&quot;:&quot;0&quot;,&quot;title&quot;:&quot;&quot;,&quot;orientation&quot;:&quot;0&quot;}\" data-image-title=\"accidente-grave-1-800&amp;#215;445\" data-image-description=\"\" data-image-caption=\"\" data-large-file=\"https:\/\/eldiariodesanpedro.com.ar\/sitio\/wp-content\/uploads\/2023\/05\/accidente-grave-1-800x445-1.jpg\" data-src=\"https:\/\/eldiariodesanpedro.com.ar\/sitio\/wp-content\/uploads\/2023\/05\/accidente-grave-1-800x445-1.jpg\" alt=\"\" class=\"wp-image-118139 lazyload\" data-srcset=\"https:\/\/eldiariodesanpedro.com.ar\/sitio\/wp-content\/uploads\/2023\/05\/accidente-grave-1-800x445-1.jpg 800w, https:\/\/eldiariodesanpedro.com.ar\/sitio\/wp-content\/uploads\/2023\/05\/accidente-grave-1-800x445-1-300x167.jpg 300w, https:\/\/eldiariodesanpedro.com.ar\/sitio\/wp-content\/uploads\/2023\/05\/accidente-grave-1-800x445-1-768x427.jpg 768w\" data-sizes=\"(max-width: 800px) 100vw, 800px\" src=\"data:image\/svg+xml;base64,PHN2ZyB3aWR0aD0iMSIgaGVpZ2h0PSIxIiB4bWxucz0iaHR0cDovL3d3dy53My5vcmcvMjAwMC9zdmciPjwvc3ZnPg==\" style=\"--smush-placeholder-width: 800px; --smush-placeholder-aspect-ratio: 800\/445;\" \/><\/figure>\n\n\n\n<figure class=\"wp-block-image size-full\"><img decoding=\"async\" width=\"770\" height=\"461\" data-attachment-id=\"118137\" data-permalink=\"https:\/\/eldiariodesanpedro.com.ar\/sitio\/fin-de-semana-con-varios-hechos-de-transito\/accidente-2-770x461\/\" data-orig-file=\"https:\/\/eldiariodesanpedro.com.ar\/sitio\/wp-content\/uploads\/2023\/05\/accidente-2-770x461-1.jpg\" data-orig-size=\"770,461\" data-comments-opened=\"0\" data-image-meta=\"{&quot;aperture&quot;:&quot;0&quot;,&quot;credit&quot;:&quot;&quot;,&quot;camera&quot;:&quot;&quot;,&quot;caption&quot;:&quot;&quot;,&quot;created_timestamp&quot;:&quot;0&quot;,&quot;copyright&quot;:&quot;&quot;,&quot;focal_length&quot;:&quot;0&quot;,&quot;iso&quot;:&quot;0&quot;,&quot;shutter_speed&quot;:&quot;0&quot;,&quot;title&quot;:&quot;&quot;,&quot;orientation&quot;:&quot;1&quot;}\" data-image-title=\"accidente-2-770&amp;#215;461\" data-image-description=\"\" data-image-caption=\"\" data-large-file=\"https:\/\/eldiariodesanpedro.com.ar\/sitio\/wp-content\/uploads\/2023\/05\/accidente-2-770x461-1.jpg\" data-src=\"https:\/\/eldiariodesanpedro.com.ar\/sitio\/wp-content\/uploads\/2023\/05\/accidente-2-770x461-1.jpg\" alt=\"\" class=\"wp-image-118137 lazyload\" data-srcset=\"https:\/\/eldiariodesanpedro.com.ar\/sitio\/wp-content\/uploads\/2023\/05\/accidente-2-770x461-1.jpg 770w, https:\/\/eldiariodesanpedro.com.ar\/sitio\/wp-content\/uploads\/2023\/05\/accidente-2-770x461-1-300x180.jpg 300w, https:\/\/eldiariodesanpedro.com.ar\/sitio\/wp-content\/uploads\/2023\/05\/accidente-2-770x461-1-768x460.jpg 768w\" data-sizes=\"(max-width: 770px) 100vw, 770px\" src=\"data:image\/svg+xml;base64,PHN2ZyB3aWR0aD0iMSIgaGVpZ2h0PSIxIiB4bWxucz0iaHR0cDovL3d3dy53My5vcmcvMjAwMC9zdmciPjwvc3ZnPg==\" style=\"--smush-placeholder-width: 770px; --smush-placeholder-aspect-ratio: 770\/461;\" \/><\/figure>\n","protected":false},"excerpt":{"rendered":"<p>Tres accidentes de tr\u00e1nsito se registraron el pasado s\u00e1bado en distintas zonas de la ciudad. Uno de ellos tuvo lugar en la intersecci\u00f3n de la calle Uruguay y Libertad, donde ocurri\u00f3 una colisi\u00f3n entre un autom\u00f3vil Renault Clio, conducido por un hombre de 26 a\u00f1os, y una motocicleta Guerrero Trip 110cc, manejada por una mujer [&hellip;]<\/p>\n","protected":false},"author":4,"featured_media":118138,"comment_status":"closed","ping_status":"closed","sticky":false,"template":"","format":"standard","meta":{"om_disable_all_campaigns":false,"_jetpack_memberships_contains_paid_content":false,"footnotes":""},"categories":[50,2,103],"tags":[197,33,95,19],"class_list":["post-118136","post","type-post","status-publish","format-standard","has-post-thumbnail","hentry","category-destacadas","category-locales","category-policiales-locales","tag-buenos-aires","tag-locales","tag-policiales","tag-san-pedro"],"aioseo_notices":[],"gutentor_comment":0,"jetpack_featured_media_url":"https:\/\/eldiariodesanpedro.com.ar\/sitio\/wp-content\/uploads\/2023\/05\/accidente-3-770x456-1.jpg","jetpack_shortlink":"https:\/\/wp.me\/p6RhLt-uJq","jetpack_sharing_enabled":true,"_links":{"self":[{"href":"https:\/\/eldiariodesanpedro.com.ar\/sitio\/wp-json\/wp\/v2\/posts\/118136","targetHints":{"allow":["GET"]}}],"collection":[{"href":"https:\/\/eldiariodesanpedro.com.ar\/sitio\/wp-json\/wp\/v2\/posts"}],"about":[{"href":"https:\/\/eldiariodesanpedro.com.ar\/sitio\/wp-json\/wp\/v2\/types\/post"}],"author":[{"embeddable":true,"href":"https:\/\/eldiariodesanpedro.com.ar\/sitio\/wp-json\/wp\/v2\/users\/4"}],"replies":[{"embeddable":true,"href":"https:\/\/eldiariodesanpedro.com.ar\/sitio\/wp-json\/wp\/v2\/comments?post=118136"}],"version-history":[{"count":1,"href":"https:\/\/eldiariodesanpedro.com.ar\/sitio\/wp-json\/wp\/v2\/posts\/118136\/revisions"}],"predecessor-version":[{"id":118140,"href":"https:\/\/eldiariodesanpedro.com.ar\/sitio\/wp-json\/wp\/v2\/posts\/118136\/revisions\/118140"}],"wp:featuredmedia":[{"embeddable":true,"href":"https:\/\/eldiariodesanpedro.com.ar\/sitio\/wp-json\/wp\/v2\/media\/118138"}],"wp:attachment":[{"href":"https:\/\/eldiariodesanpedro.com.ar\/sitio\/wp-json\/wp\/v2\/media?parent=118136"}],"wp:term":[{"taxonomy":"category","embeddable":true,"href":"https:\/\/eldiariodesanpedro.com.ar\/sitio\/wp-json\/wp\/v2\/categories?post=118136"},{"taxonomy":"post_tag","embeddable":true,"href":"https:\/\/eldiariodesanpedro.com.ar\/sitio\/wp-json\/wp\/v2\/tags?post=118136"}],"curies":[{"name":"wp","href":"https:\/\/api.w.org\/{rel}","templated":true}]}}