{"id":118133,"date":"2023-05-15T14:11:21","date_gmt":"2023-05-15T17:11:21","guid":{"rendered":"https:\/\/eldiariodesanpedro.com.ar\/sitio\/?p=118133"},"modified":"2023-05-15T14:11:23","modified_gmt":"2023-05-15T17:11:23","slug":"un-auto-perdio-una-rueda-e-impacto-a-otro-estacionado","status":"publish","type":"post","link":"https:\/\/eldiariodesanpedro.com.ar\/sitio\/un-auto-perdio-una-rueda-e-impacto-a-otro-estacionado\/","title":{"rendered":"Un auto perdi\u00f3 una rueda e impact\u00f3 a otro estacionado"},"content":{"rendered":"<!-- VideographyWP Plugin Message: Automatic video embedding prevented by plugin options. -->\n\n<p>Este s\u00e1bado se produjo un impactante accidente en la intersecci\u00f3n de Bv. Moreno y Belgrano, cuando un Fiat Duna sufri\u00f3 la p\u00e9rdida de una rueda delantera. Como consecuencia de esta falla mec\u00e1nica, el conductor perdi\u00f3 el control del veh\u00edculo y colision\u00f3 con un VW Bora que se encontraba estacionado en ese momento.<\/p>\n\n\n\n<p>Afortunadamente, no se reportaron heridos en el incidente, por lo que no fue necesario el despliegue del Servicio de Atenci\u00f3n M\u00e9dica de Emergencias (SAME). Los conductores y ocupantes de ambos veh\u00edculos involucrados resultaron ilesos, aunque los da\u00f1os materiales fueron significativos.<\/p>\n\n\n\n<p>El accidente gener\u00f3 momentos de tensi\u00f3n en la zona, pero gracias a la pronta respuesta de las autoridades de tr\u00e1nsito, se logr\u00f3 restablecer la circulaci\u00f3n en la v\u00eda en poco tiempo. Los agentes de polic\u00eda se encargaron de tomar las declaraciones pertinentes y de garantizar la seguridad en el lugar.<\/p>\n\n\n\n<p>Las causas exactas del incidente a\u00fan est\u00e1n siendo investigadas por las autoridades competentes, quienes realizar\u00e1n una revisi\u00f3n minuciosa del veh\u00edculo para determinar si exist\u00edan problemas previos o si se trat\u00f3 de un hecho aislado. Adem\u00e1s, se evaluar\u00e1n las condiciones de la infraestructura vial en la zona, como la se\u00f1alizaci\u00f3n y el estado del pavimento, para determinar si contribuyeron al accidente.<\/p>\n\n\n\n<p>Este suceso pone de manifiesto la importancia de mantener un adecuado mantenimiento de los veh\u00edculos, as\u00ed como la necesidad de revisar regularmente los neum\u00e1ticos y otros componentes clave para evitar incidentes similares.<\/p>\n","protected":false},"excerpt":{"rendered":"<p>Este s\u00e1bado se produjo un impactante accidente en la intersecci\u00f3n de Bv. Moreno y Belgrano, cuando un Fiat Duna sufri\u00f3 la p\u00e9rdida de una rueda delantera. Como consecuencia de esta falla mec\u00e1nica, el conductor perdi\u00f3 el control del veh\u00edculo y colision\u00f3 con un VW Bora que se encontraba estacionado en ese momento. Afortunadamente, no se [&hellip;]<\/p>\n","protected":false},"author":4,"featured_media":118134,"comment_status":"closed","ping_status":"closed","sticky":false,"template":"","format":"standard","meta":{"om_disable_all_campaigns":false,"_jetpack_memberships_contains_paid_content":false,"footnotes":""},"categories":[2,103],"tags":[197,33,95,19],"class_list":["post-118133","post","type-post","status-publish","format-standard","has-post-thumbnail","hentry","category-locales","category-policiales-locales","tag-buenos-aires","tag-locales","tag-policiales","tag-san-pedro"],"aioseo_notices":[],"gutentor_comment":0,"jetpack_featured_media_url":"https:\/\/eldiariodesanpedro.com.ar\/sitio\/wp-content\/uploads\/2023\/05\/WhatsApp-Image-2023-05-13-at-1.16.03-PM.jpeg","jetpack_shortlink":"https:\/\/wp.me\/p6RhLt-uJn","jetpack_sharing_enabled":true,"_links":{"self":[{"href":"https:\/\/eldiariodesanpedro.com.ar\/sitio\/wp-json\/wp\/v2\/posts\/118133","targetHints":{"allow":["GET"]}}],"collection":[{"href":"https:\/\/eldiariodesanpedro.com.ar\/sitio\/wp-json\/wp\/v2\/posts"}],"about":[{"href":"https:\/\/eldiariodesanpedro.com.ar\/sitio\/wp-json\/wp\/v2\/types\/post"}],"author":[{"embeddable":true,"href":"https:\/\/eldiariodesanpedro.com.ar\/sitio\/wp-json\/wp\/v2\/users\/4"}],"replies":[{"embeddable":true,"href":"https:\/\/eldiariodesanpedro.com.ar\/sitio\/wp-json\/wp\/v2\/comments?post=118133"}],"version-history":[{"count":1,"href":"https:\/\/eldiariodesanpedro.com.ar\/sitio\/wp-json\/wp\/v2\/posts\/118133\/revisions"}],"predecessor-version":[{"id":118135,"href":"https:\/\/eldiariodesanpedro.com.ar\/sitio\/wp-json\/wp\/v2\/posts\/118133\/revisions\/118135"}],"wp:featuredmedia":[{"embeddable":true,"href":"https:\/\/eldiariodesanpedro.com.ar\/sitio\/wp-json\/wp\/v2\/media\/118134"}],"wp:attachment":[{"href":"https:\/\/eldiariodesanpedro.com.ar\/sitio\/wp-json\/wp\/v2\/media?parent=118133"}],"wp:term":[{"taxonomy":"category","embeddable":true,"href":"https:\/\/eldiariodesanpedro.com.ar\/sitio\/wp-json\/wp\/v2\/categories?post=118133"},{"taxonomy":"post_tag","embeddable":true,"href":"https:\/\/eldiariodesanpedro.com.ar\/sitio\/wp-json\/wp\/v2\/tags?post=118133"}],"curies":[{"name":"wp","href":"https:\/\/api.w.org\/{rel}","templated":true}]}}