{"id":118130,"date":"2023-05-15T13:58:53","date_gmt":"2023-05-15T16:58:53","guid":{"rendered":"https:\/\/eldiariodesanpedro.com.ar\/sitio\/?p=118130"},"modified":"2023-05-15T13:58:57","modified_gmt":"2023-05-15T16:58:57","slug":"detienen-a-una-mujer-de-30-anos-por-amenazar-de-muerte-a-su-ex-pareja-y-danar-su-telefono-celular","status":"publish","type":"post","link":"https:\/\/eldiariodesanpedro.com.ar\/sitio\/detienen-a-una-mujer-de-30-anos-por-amenazar-de-muerte-a-su-ex-pareja-y-danar-su-telefono-celular\/","title":{"rendered":"Detienen a una mujer de 30 a\u00f1os por amenazar de muerte a su ex pareja y da\u00f1ar su tel\u00e9fono celular"},"content":{"rendered":"<!-- VideographyWP Plugin Message: Automatic video embedding prevented by plugin options. -->\n\n<p>El personal policial respondi\u00f3 a una llamada de emergencia al n\u00famero 911 y se traslad\u00f3 a la intersecci\u00f3n de las calles Per\u00f3n y Nuestra Se\u00f1ora del Socorro. En el lugar, llevaron a cabo la detenci\u00f3n de una mujer de 30 a\u00f1os despu\u00e9s de un incidente reportado.<\/p>\n\n\n\n<p>Seg\u00fan los informes, la mujer hab\u00eda amenazado de muerte a su ex pareja en la residencia previa y tambi\u00e9n hab\u00eda da\u00f1ado su tel\u00e9fono celular. Ante estos hechos, la Unidad Funcional de Instrucci\u00f3n N\u00famero 11 orden\u00f3 la notificaci\u00f3n del art\u00edculo 60 del C\u00f3digo Procesal Penal y el traslado de la detenida a un lugar de alojamiento apropiado.<\/p>\n\n\n\n<p>La polic\u00eda actu\u00f3 de manera r\u00e1pida y eficiente en respuesta a la llamada de emergencia, asegurando la seguridad de la v\u00edctima y procediendo con el arresto de la agresora. La detenida ser\u00e1 sometida a los procesos legales correspondientes en relaci\u00f3n con los cargos presentados en su contra.<\/p>\n\n\n\n<p>La violencia dom\u00e9stica y las amenazas de muerte son delitos graves que no deben ser tomados a la ligera. Las autoridades est\u00e1n comprometidas en garantizar la seguridad de las v\u00edctimas y en tomar las medidas necesarias para prevenir futuros incidentes similares.<\/p>\n","protected":false},"excerpt":{"rendered":"<p>El personal policial respondi\u00f3 a una llamada de emergencia al n\u00famero 911 y se traslad\u00f3 a la intersecci\u00f3n de las calles Per\u00f3n y Nuestra Se\u00f1ora del Socorro. En el lugar, llevaron a cabo la detenci\u00f3n de una mujer de 30 a\u00f1os despu\u00e9s de un incidente reportado. Seg\u00fan los informes, la mujer hab\u00eda amenazado de muerte [&hellip;]<\/p>\n","protected":false},"author":4,"featured_media":118131,"comment_status":"closed","ping_status":"closed","sticky":false,"template":"","format":"standard","meta":{"om_disable_all_campaigns":false,"_jetpack_memberships_contains_paid_content":false,"footnotes":""},"categories":[2,103],"tags":[197,33,95],"class_list":["post-118130","post","type-post","status-publish","format-standard","has-post-thumbnail","hentry","category-locales","category-policiales-locales","tag-buenos-aires","tag-locales","tag-policiales"],"aioseo_notices":[],"gutentor_comment":0,"jetpack_featured_media_url":"https:\/\/eldiariodesanpedro.com.ar\/sitio\/wp-content\/uploads\/2023\/05\/detencion-mujer-1.jpg","jetpack_shortlink":"https:\/\/wp.me\/p6RhLt-uJk","jetpack_sharing_enabled":true,"_links":{"self":[{"href":"https:\/\/eldiariodesanpedro.com.ar\/sitio\/wp-json\/wp\/v2\/posts\/118130","targetHints":{"allow":["GET"]}}],"collection":[{"href":"https:\/\/eldiariodesanpedro.com.ar\/sitio\/wp-json\/wp\/v2\/posts"}],"about":[{"href":"https:\/\/eldiariodesanpedro.com.ar\/sitio\/wp-json\/wp\/v2\/types\/post"}],"author":[{"embeddable":true,"href":"https:\/\/eldiariodesanpedro.com.ar\/sitio\/wp-json\/wp\/v2\/users\/4"}],"replies":[{"embeddable":true,"href":"https:\/\/eldiariodesanpedro.com.ar\/sitio\/wp-json\/wp\/v2\/comments?post=118130"}],"version-history":[{"count":1,"href":"https:\/\/eldiariodesanpedro.com.ar\/sitio\/wp-json\/wp\/v2\/posts\/118130\/revisions"}],"predecessor-version":[{"id":118132,"href":"https:\/\/eldiariodesanpedro.com.ar\/sitio\/wp-json\/wp\/v2\/posts\/118130\/revisions\/118132"}],"wp:featuredmedia":[{"embeddable":true,"href":"https:\/\/eldiariodesanpedro.com.ar\/sitio\/wp-json\/wp\/v2\/media\/118131"}],"wp:attachment":[{"href":"https:\/\/eldiariodesanpedro.com.ar\/sitio\/wp-json\/wp\/v2\/media?parent=118130"}],"wp:term":[{"taxonomy":"category","embeddable":true,"href":"https:\/\/eldiariodesanpedro.com.ar\/sitio\/wp-json\/wp\/v2\/categories?post=118130"},{"taxonomy":"post_tag","embeddable":true,"href":"https:\/\/eldiariodesanpedro.com.ar\/sitio\/wp-json\/wp\/v2\/tags?post=118130"}],"curies":[{"name":"wp","href":"https:\/\/api.w.org\/{rel}","templated":true}]}}