{"id":118127,"date":"2023-05-15T11:31:09","date_gmt":"2023-05-15T14:31:09","guid":{"rendered":"https:\/\/eldiariodesanpedro.com.ar\/sitio\/?p=118127"},"modified":"2023-05-15T11:31:11","modified_gmt":"2023-05-15T14:31:11","slug":"tragico-homicidio-en-villa-igoillo-anciano-asesinado-en-su-hogar-hay-5-detenidos","status":"publish","type":"post","link":"https:\/\/eldiariodesanpedro.com.ar\/sitio\/tragico-homicidio-en-villa-igoillo-anciano-asesinado-en-su-hogar-hay-5-detenidos\/","title":{"rendered":"Tr\u00e1gico homicidio en Villa Igoillo: Anciano asesinado en su hogar, hay 5 detenidos"},"content":{"rendered":"<!-- VideographyWP Plugin Message: Automatic video embedding prevented by plugin options. -->\n\n<p>En un hecho delictivo de extrema gravedad ocurrido en la noche del s\u00e1bado, un hombre de 70 a\u00f1os perdi\u00f3 la vida de manera inmediata en su residencia ubicada en la intersecci\u00f3n de las calles Molina y Gardel, en el barrio Villa Igoillo. Seg\u00fan informaron fuentes policiales, al menos cuatro individuos ingresaron al domicilio con el objetivo de presionar a la v\u00edctima, identificada como Adolfo Vallejos, para que abandonara la propiedad que, aparentemente, ocupaba desde hac\u00eda un tiempo.<\/p>\n\n\n\n<p>Vallejos fue brutalmente golpeado y sufri\u00f3 una profunda herida en el cuello, la cual provoc\u00f3 una importante hemorragia. A pesar de los esfuerzos de los vecinos, quienes llamaron a los servicios de emergencia y a la Polic\u00eda, el hombre fue trasladado al hospital en estado cr\u00edtico y lamentablemente falleci\u00f3 debido a las graves lesiones sufridas.<\/p>\n\n\n\n<p>Las autoridades actuaron r\u00e1pidamente bajo las \u00f3rdenes de la fiscal\u00eda 11 y lograron detener a cinco personas relacionadas con el crimen. Entre los arrestados se encuentra el presunto autor intelectual del homicidio, Ricardo \u00abRicky\u00bb Ontivero, un vecino de 47 a\u00f1os conocido en el barrio. Los otros detenidos, identificados como Juan Ju\u00e1rez de 43 a\u00f1os, Mat\u00edas Thaiel de 24, Carlos Mart\u00ednez de 60 y Jes\u00fas Montaldi de 27 a\u00f1os, se cree que fueron los responsables directos del asesinato.<\/p>\n\n\n\n<p>La Polic\u00eda Cient\u00edfica llev\u00f3 a cabo una exhaustiva investigaci\u00f3n en el lugar de los hechos, recolectando pruebas como manchas de sangre, prendas de vestir y un cuchillo que posiblemente fue utilizado por los agresores para cometer el acto violento.<\/p>\n\n\n\n<p>La comunidad se vio consternada por este tr\u00e1gico suceso y expres\u00f3 su solidaridad con los familiares de Adolfo Vallejos. Las autoridades contin\u00faan trabajando en el caso para esclarecer todos los detalles y determinar los motivos que llevaron a este brutal crimen en el tranquilo barrio de Villa Igoillo.<\/p>\n","protected":false},"excerpt":{"rendered":"<p>En un hecho delictivo de extrema gravedad ocurrido en la noche del s\u00e1bado, un hombre de 70 a\u00f1os perdi\u00f3 la vida de manera inmediata en su residencia ubicada en la intersecci\u00f3n de las calles Molina y Gardel, en el barrio Villa Igoillo. Seg\u00fan informaron fuentes policiales, al menos cuatro individuos ingresaron al domicilio con el [&hellip;]<\/p>\n","protected":false},"author":4,"featured_media":118128,"comment_status":"closed","ping_status":"closed","sticky":false,"template":"","format":"standard","meta":{"om_disable_all_campaigns":false,"_jetpack_memberships_contains_paid_content":false,"footnotes":""},"categories":[50,101,2],"tags":[4154,4153],"class_list":["post-118127","post","type-post","status-publish","format-standard","has-post-thumbnail","hentry","category-destacadas","category-interes-general-locales","category-locales","tag-hay-5-detenidos","tag-tragico-homicidio-en-villa-igoillo-anciano-asesinado-en-su-hogar"],"aioseo_notices":[],"gutentor_comment":0,"jetpack_featured_media_url":"https:\/\/eldiariodesanpedro.com.ar\/sitio\/wp-content\/uploads\/2023\/05\/0000021830-resized-1920x1080-1.jpg","jetpack_shortlink":"https:\/\/wp.me\/p6RhLt-uJh","jetpack_sharing_enabled":true,"_links":{"self":[{"href":"https:\/\/eldiariodesanpedro.com.ar\/sitio\/wp-json\/wp\/v2\/posts\/118127","targetHints":{"allow":["GET"]}}],"collection":[{"href":"https:\/\/eldiariodesanpedro.com.ar\/sitio\/wp-json\/wp\/v2\/posts"}],"about":[{"href":"https:\/\/eldiariodesanpedro.com.ar\/sitio\/wp-json\/wp\/v2\/types\/post"}],"author":[{"embeddable":true,"href":"https:\/\/eldiariodesanpedro.com.ar\/sitio\/wp-json\/wp\/v2\/users\/4"}],"replies":[{"embeddable":true,"href":"https:\/\/eldiariodesanpedro.com.ar\/sitio\/wp-json\/wp\/v2\/comments?post=118127"}],"version-history":[{"count":1,"href":"https:\/\/eldiariodesanpedro.com.ar\/sitio\/wp-json\/wp\/v2\/posts\/118127\/revisions"}],"predecessor-version":[{"id":118129,"href":"https:\/\/eldiariodesanpedro.com.ar\/sitio\/wp-json\/wp\/v2\/posts\/118127\/revisions\/118129"}],"wp:featuredmedia":[{"embeddable":true,"href":"https:\/\/eldiariodesanpedro.com.ar\/sitio\/wp-json\/wp\/v2\/media\/118128"}],"wp:attachment":[{"href":"https:\/\/eldiariodesanpedro.com.ar\/sitio\/wp-json\/wp\/v2\/media?parent=118127"}],"wp:term":[{"taxonomy":"category","embeddable":true,"href":"https:\/\/eldiariodesanpedro.com.ar\/sitio\/wp-json\/wp\/v2\/categories?post=118127"},{"taxonomy":"post_tag","embeddable":true,"href":"https:\/\/eldiariodesanpedro.com.ar\/sitio\/wp-json\/wp\/v2\/tags?post=118127"}],"curies":[{"name":"wp","href":"https:\/\/api.w.org\/{rel}","templated":true}]}}