{"id":118125,"date":"2023-05-15T11:22:25","date_gmt":"2023-05-15T14:22:25","guid":{"rendered":"https:\/\/eldiariodesanpedro.com.ar\/sitio\/?p=118125"},"modified":"2023-05-15T11:22:27","modified_gmt":"2023-05-15T14:22:27","slug":"pidieron-12-anos-de-prision-para-gabi-mendoza-acusado-de-abuso-sexual-dentro-del-penal-de-san-nicolas","status":"publish","type":"post","link":"https:\/\/eldiariodesanpedro.com.ar\/sitio\/pidieron-12-anos-de-prision-para-gabi-mendoza-acusado-de-abuso-sexual-dentro-del-penal-de-san-nicolas\/","title":{"rendered":"Pidieron 12 a\u00f1os de prisi\u00f3n para Gabi Mendoza acusado de abuso sexual dentro del penal de San Nicol\u00e1s"},"content":{"rendered":"<!-- VideographyWP Plugin Message: Automatic video embedding prevented by plugin options. -->\n\n<p>En el Tribunal en lo Criminal N\u00b02 se llev\u00f3 a cabo un juicio oral contra el interno Jorge Mendoza, acusado de abuso sexual con acceso carnal contra otro preso. El fiscal del caso, el Dr. Julio Tan\u00fas, considera que el hecho est\u00e1 probado y habr\u00eda ocurrido el 9 de enero de 2019 en la Unidad Penal N\u00b03 local.<\/p>\n\n\n\n<p>Seg\u00fan la acusaci\u00f3n, el interno Jorge Gabriel Mendoza, en compa\u00f1\u00eda de otras personas, habr\u00eda amenazado y golpeado a otro interno, llevando a cabo un acto de acceso carnal introduci\u00e9ndole un palo en el ano.<\/p>\n\n\n\n<p>En su solicitud, el fiscal pide una pena de 12 a\u00f1os de prisi\u00f3n por el delito de abuso sexual con acceso carnal agravado, de acuerdo al art\u00edculo 119 del C\u00f3digo Penal, p\u00e1rrafo 3 en relaci\u00f3n al p\u00e1rrafo 4 inciso d), adem\u00e1s de una pena \u00fanica de 25 a\u00f1os.<\/p>\n\n\n\n<p>La defensa, por su parte, solicita la absoluci\u00f3n del acusado y, en caso de no ser concedida, solicita una pena \u00fanica de 15 a\u00f1os.<\/p>\n\n\n\n<p>La lectura del veredicto, y en consecuencia, la sentencia, est\u00e1n programadas para el jueves 18 a las 12 horas.<\/p>\n\n\n\n<p>Cabe mencionar que el acusado, Jorge Mendoza, hab\u00eda participado en una toma de rehenes en la UP3 hace tres a\u00f1os y ya hab\u00eda sido condenado a 13 a\u00f1os por ese delito. Ahora, el fiscal Tan\u00fas, en relaci\u00f3n al nuevo caso de abuso sexual, ha solicitado una pena de 12 a\u00f1os adicionales a los 13 que ya pesaban sobre el acusado, sumando as\u00ed un total de 25 a\u00f1os de prisi\u00f3n.<\/p>\n","protected":false},"excerpt":{"rendered":"<p>En el Tribunal en lo Criminal N\u00b02 se llev\u00f3 a cabo un juicio oral contra el interno Jorge Mendoza, acusado de abuso sexual con acceso carnal contra otro preso. El fiscal del caso, el Dr. Julio Tan\u00fas, considera que el hecho est\u00e1 probado y habr\u00eda ocurrido el 9 de enero de 2019 en la Unidad [&hellip;]<\/p>\n","protected":false},"author":4,"featured_media":117943,"comment_status":"closed","ping_status":"closed","sticky":false,"template":"","format":"standard","meta":{"om_disable_all_campaigns":false,"_jetpack_memberships_contains_paid_content":false,"footnotes":""},"categories":[50,101,2],"tags":[197,4152,19],"class_list":["post-118125","post","type-post","status-publish","format-standard","has-post-thumbnail","hentry","category-destacadas","category-interes-general-locales","category-locales","tag-buenos-aires","tag-pidieron-12-anos-de-prision-para-gabi-mendoza-acusado-de-abuso-sexual-dentro-del-penal-de-san-nicolas","tag-san-pedro"],"aioseo_notices":[],"gutentor_comment":0,"jetpack_featured_media_url":"https:\/\/eldiariodesanpedro.com.ar\/sitio\/wp-content\/uploads\/2023\/05\/0000021823-resized-1920x1080-1.jpg","jetpack_shortlink":"https:\/\/wp.me\/p6RhLt-uJf","jetpack_sharing_enabled":true,"_links":{"self":[{"href":"https:\/\/eldiariodesanpedro.com.ar\/sitio\/wp-json\/wp\/v2\/posts\/118125","targetHints":{"allow":["GET"]}}],"collection":[{"href":"https:\/\/eldiariodesanpedro.com.ar\/sitio\/wp-json\/wp\/v2\/posts"}],"about":[{"href":"https:\/\/eldiariodesanpedro.com.ar\/sitio\/wp-json\/wp\/v2\/types\/post"}],"author":[{"embeddable":true,"href":"https:\/\/eldiariodesanpedro.com.ar\/sitio\/wp-json\/wp\/v2\/users\/4"}],"replies":[{"embeddable":true,"href":"https:\/\/eldiariodesanpedro.com.ar\/sitio\/wp-json\/wp\/v2\/comments?post=118125"}],"version-history":[{"count":1,"href":"https:\/\/eldiariodesanpedro.com.ar\/sitio\/wp-json\/wp\/v2\/posts\/118125\/revisions"}],"predecessor-version":[{"id":118126,"href":"https:\/\/eldiariodesanpedro.com.ar\/sitio\/wp-json\/wp\/v2\/posts\/118125\/revisions\/118126"}],"wp:featuredmedia":[{"embeddable":true,"href":"https:\/\/eldiariodesanpedro.com.ar\/sitio\/wp-json\/wp\/v2\/media\/117943"}],"wp:attachment":[{"href":"https:\/\/eldiariodesanpedro.com.ar\/sitio\/wp-json\/wp\/v2\/media?parent=118125"}],"wp:term":[{"taxonomy":"category","embeddable":true,"href":"https:\/\/eldiariodesanpedro.com.ar\/sitio\/wp-json\/wp\/v2\/categories?post=118125"},{"taxonomy":"post_tag","embeddable":true,"href":"https:\/\/eldiariodesanpedro.com.ar\/sitio\/wp-json\/wp\/v2\/tags?post=118125"}],"curies":[{"name":"wp","href":"https:\/\/api.w.org\/{rel}","templated":true}]}}