{"id":118122,"date":"2023-05-15T11:07:06","date_gmt":"2023-05-15T14:07:06","guid":{"rendered":"https:\/\/eldiariodesanpedro.com.ar\/sitio\/?p=118122"},"modified":"2023-05-15T11:07:08","modified_gmt":"2023-05-15T14:07:08","slug":"tribunal-de-casacion-penal-otorga-prision-domiciliaria-al-dirigente-sindical-fernando-espindola","status":"publish","type":"post","link":"https:\/\/eldiariodesanpedro.com.ar\/sitio\/tribunal-de-casacion-penal-otorga-prision-domiciliaria-al-dirigente-sindical-fernando-espindola\/","title":{"rendered":"Tribunal de Casaci\u00f3n Penal otorga prisi\u00f3n domiciliaria al dirigente sindical Fernando Esp\u00edndola"},"content":{"rendered":"<!-- VideographyWP Plugin Message: Automatic video embedding prevented by plugin options. -->\n\n<p>La Sala 5 del Tribunal de Casaci\u00f3n Penal de La Plata, compuesta por los jueces Ricardo Maidana y V\u00edctor Violini, ha aceptado la solicitud del Dr. Mauricio Gugger, abogado defensor de Fernando Esp\u00edndola, l\u00edder del gremio Camioneros, y le ha concedido la prisi\u00f3n domiciliaria.<\/p>\n\n\n\n<p>Los jueces evaluaron las circunstancias planteadas por la defensa, que inclu\u00edan problemas de salud y la sobrepoblaci\u00f3n en la c\u00e1rcel UP 3. Esp\u00edndola se encuentra detenido desde abril de 2022 junto a Maximiliano Cabaleiro, otro secretario de Camioneros.<\/p>\n\n\n\n<p>En febrero de 2021, Cabaleiro y Esp\u00edndola protagonizaron un bloqueo a una empresa familiar en la ciudad de San Pedro, provincia de Buenos Aires. Este incidente gan\u00f3 notoriedad cuando se difundi\u00f3 un video que mostraba el hostigamiento sindical y una inspecci\u00f3n realizada por el Ministerio de Trabajo bonaerense.<\/p>\n\n\n\n<p>A fines de marzo, la jueza de Garant\u00edas de San Nicol\u00e1s orden\u00f3 la detenci\u00f3n de los responsables de los bloqueos, pero la misma se llev\u00f3 a cabo una semana despu\u00e9s despu\u00e9s de que la C\u00e1mara de Apelaciones rechazara el pedido de eximici\u00f3n de prisi\u00f3n presentado por los acusados.<\/p>\n\n\n\n<p>En relaci\u00f3n a este caso, la Justicia allan\u00f3 la sede central del sindicato de Camioneros hace un mes y medio. La delegaci\u00f3n del Ministerio de Trabajo en San Nicol\u00e1s confirm\u00f3 la existencia de una supuesta deuda del empresario Ricardo Rey, pero no proporcion\u00f3 documentaci\u00f3n que respaldara esta afirmaci\u00f3n. La jueza solicit\u00f3 dicha documentaci\u00f3n a la seccional de San Nicol\u00e1s, pero la respuesta fue que la hab\u00edan enviado a la sede central del sindicato, lo que result\u00f3 en el allanamiento.<\/p>\n\n\n\n<p>La causa ha seguido avanzando y el 17 de mayo, el juez Rom\u00e1n Parodi dict\u00f3 la prisi\u00f3n preventiva contra los dos sindicalistas por los delitos de turbaci\u00f3n de la posesi\u00f3n, coacci\u00f3n en grado de tentativa, extorsi\u00f3n y extorsi\u00f3n en grado de tentativa en concurso real. Sin embargo, en la misma resoluci\u00f3n se les otorg\u00f3 el beneficio de la prisi\u00f3n domiciliaria.<\/p>\n\n\n\n<p>El juez Parodi estaba subrogando el juzgado de Mar\u00eda Eugenia Maztegui, quien tuvo que tomar licencia por estr\u00e9s. Dirigentes de la oposici\u00f3n han denunciado presiones por parte del diputado kirchnerista Leopoldo Moreau, presidente de la Comisi\u00f3n Bicameral de Inteligencia, acus\u00e1ndolo de amenazar a Maiztegui con denunciarla por mal desempe\u00f1o.<\/p>\n","protected":false},"excerpt":{"rendered":"<p>La Sala 5 del Tribunal de Casaci\u00f3n Penal de La Plata, compuesta por los jueces Ricardo Maidana y V\u00edctor Violini, ha aceptado la solicitud del Dr. Mauricio Gugger, abogado defensor de Fernando Esp\u00edndola, l\u00edder del gremio Camioneros, y le ha concedido la prisi\u00f3n domiciliaria. Los jueces evaluaron las circunstancias planteadas por la defensa, que inclu\u00edan [&hellip;]<\/p>\n","protected":false},"author":4,"featured_media":118123,"comment_status":"closed","ping_status":"closed","sticky":false,"template":"","format":"standard","meta":{"om_disable_all_campaigns":false,"_jetpack_memberships_contains_paid_content":false,"footnotes":""},"categories":[50,101,2],"tags":[197,696,33,19],"class_list":["post-118122","post","type-post","status-publish","format-standard","has-post-thumbnail","hentry","category-destacadas","category-interes-general-locales","category-locales","tag-buenos-aires","tag-interes-general","tag-locales","tag-san-pedro"],"aioseo_notices":[],"gutentor_comment":0,"jetpack_featured_media_url":"https:\/\/eldiariodesanpedro.com.ar\/sitio\/wp-content\/uploads\/2023\/05\/0000021831-resized-1920x1080-1.jpg","jetpack_shortlink":"https:\/\/wp.me\/p6RhLt-uJc","jetpack_sharing_enabled":true,"_links":{"self":[{"href":"https:\/\/eldiariodesanpedro.com.ar\/sitio\/wp-json\/wp\/v2\/posts\/118122","targetHints":{"allow":["GET"]}}],"collection":[{"href":"https:\/\/eldiariodesanpedro.com.ar\/sitio\/wp-json\/wp\/v2\/posts"}],"about":[{"href":"https:\/\/eldiariodesanpedro.com.ar\/sitio\/wp-json\/wp\/v2\/types\/post"}],"author":[{"embeddable":true,"href":"https:\/\/eldiariodesanpedro.com.ar\/sitio\/wp-json\/wp\/v2\/users\/4"}],"replies":[{"embeddable":true,"href":"https:\/\/eldiariodesanpedro.com.ar\/sitio\/wp-json\/wp\/v2\/comments?post=118122"}],"version-history":[{"count":1,"href":"https:\/\/eldiariodesanpedro.com.ar\/sitio\/wp-json\/wp\/v2\/posts\/118122\/revisions"}],"predecessor-version":[{"id":118124,"href":"https:\/\/eldiariodesanpedro.com.ar\/sitio\/wp-json\/wp\/v2\/posts\/118122\/revisions\/118124"}],"wp:featuredmedia":[{"embeddable":true,"href":"https:\/\/eldiariodesanpedro.com.ar\/sitio\/wp-json\/wp\/v2\/media\/118123"}],"wp:attachment":[{"href":"https:\/\/eldiariodesanpedro.com.ar\/sitio\/wp-json\/wp\/v2\/media?parent=118122"}],"wp:term":[{"taxonomy":"category","embeddable":true,"href":"https:\/\/eldiariodesanpedro.com.ar\/sitio\/wp-json\/wp\/v2\/categories?post=118122"},{"taxonomy":"post_tag","embeddable":true,"href":"https:\/\/eldiariodesanpedro.com.ar\/sitio\/wp-json\/wp\/v2\/tags?post=118122"}],"curies":[{"name":"wp","href":"https:\/\/api.w.org\/{rel}","templated":true}]}}