{"id":118119,"date":"2023-05-15T10:57:48","date_gmt":"2023-05-15T13:57:48","guid":{"rendered":"https:\/\/eldiariodesanpedro.com.ar\/sitio\/?p=118119"},"modified":"2023-05-15T10:57:52","modified_gmt":"2023-05-15T13:57:52","slug":"avanzan-las-obras-en-la-clinica-san-pedro-mientras-los-empleados-esperan-la-reapertura","status":"publish","type":"post","link":"https:\/\/eldiariodesanpedro.com.ar\/sitio\/avanzan-las-obras-en-la-clinica-san-pedro-mientras-los-empleados-esperan-la-reapertura\/","title":{"rendered":"Avanzan las obras en la Cl\u00ednica San Pedro mientras los empleados esperan la reapertura"},"content":{"rendered":"<!-- VideographyWP Plugin Message: Automatic video embedding prevented by plugin options. -->\n\n<p>Las obras en el edificio de Belgrano y Facundo Quiroga, donde se encuentra la Cl\u00ednica San Pedro, contin\u00faan avanzando, generando expectativas entre los empleados que aguardan la posibilidad de reincorporarse al centro asistencial. Paula Esquivel, vocera de un grupo de 26 antiguos trabajadores que podr\u00edan volver una vez que se reabra la cl\u00ednica, inform\u00f3 sobre los avances en la construcci\u00f3n.<\/p>\n\n\n\n<p>Seg\u00fan Esquivel, las habitaciones ya se encuentran listas, aunque faltan algunos detalles por terminar en la parte baja del edificio. Adem\u00e1s, se ha iniciado la remodelaci\u00f3n del frente. Sin embargo, las fechas de reapertura estimadas anteriormente (primero en febrero de este a\u00f1o y luego en mayo) han experimentado demoras debido a cuestiones legales relacionadas con las habilitaciones necesarias, seg\u00fan explic\u00f3 la administrativa.<\/p>\n\n\n\n<p>El grupo empresario encargado de la Cl\u00ednica San Pedro tiene la intenci\u00f3n de abrir el centro asistencial brindando servicios de atenci\u00f3n de guardia, consultorios, internaci\u00f3n, terapia intensiva, quir\u00f3fano y sala de partos. Con este objetivo en mente, han comenzado a recibir curr\u00edculums y planean realizar una pr\u00f3xima reuni\u00f3n para evaluar las necesidades de personal y los puestos a cubrir.<\/p>\n\n\n\n<p>Mientras tanto, los empleados que a\u00fan se encuentran en la n\u00f3mina de la cl\u00ednica y no han sido despedidos ni han iniciado acciones legales esperan ansiosamente que se regularice su situaci\u00f3n laboral. El \u00faltimo sueldo completo que recibieron fue en agosto de 2021 y en diciembre del mismo a\u00f1o dejaron de percibir el porcentaje que el Estado pagaba durante la pandemia.<\/p>\n\n\n\n<p>La reapertura de la Cl\u00ednica San Pedro representa una esperanza para los empleados, quienes aguardan con atenci\u00f3n el progreso de las obras y conf\u00edan en que pronto podr\u00e1n volver a desempe\u00f1arse en su lugar de trabajo habitual.<\/p>\n","protected":false},"excerpt":{"rendered":"<p>Las obras en el edificio de Belgrano y Facundo Quiroga, donde se encuentra la Cl\u00ednica San Pedro, contin\u00faan avanzando, generando expectativas entre los empleados que aguardan la posibilidad de reincorporarse al centro asistencial. Paula Esquivel, vocera de un grupo de 26 antiguos trabajadores que podr\u00edan volver una vez que se reabra la cl\u00ednica, inform\u00f3 sobre [&hellip;]<\/p>\n","protected":false},"author":4,"featured_media":118120,"comment_status":"closed","ping_status":"closed","sticky":false,"template":"","format":"standard","meta":{"om_disable_all_campaigns":false,"_jetpack_memberships_contains_paid_content":false,"footnotes":""},"categories":[50,101,2],"tags":[],"class_list":["post-118119","post","type-post","status-publish","format-standard","has-post-thumbnail","hentry","category-destacadas","category-interes-general-locales","category-locales"],"aioseo_notices":[],"gutentor_comment":0,"jetpack_featured_media_url":"https:\/\/eldiariodesanpedro.com.ar\/sitio\/wp-content\/uploads\/2023\/05\/Clinica-San-Pedro-vista-general.jpg","jetpack_shortlink":"https:\/\/wp.me\/p6RhLt-uJ9","jetpack_sharing_enabled":true,"_links":{"self":[{"href":"https:\/\/eldiariodesanpedro.com.ar\/sitio\/wp-json\/wp\/v2\/posts\/118119","targetHints":{"allow":["GET"]}}],"collection":[{"href":"https:\/\/eldiariodesanpedro.com.ar\/sitio\/wp-json\/wp\/v2\/posts"}],"about":[{"href":"https:\/\/eldiariodesanpedro.com.ar\/sitio\/wp-json\/wp\/v2\/types\/post"}],"author":[{"embeddable":true,"href":"https:\/\/eldiariodesanpedro.com.ar\/sitio\/wp-json\/wp\/v2\/users\/4"}],"replies":[{"embeddable":true,"href":"https:\/\/eldiariodesanpedro.com.ar\/sitio\/wp-json\/wp\/v2\/comments?post=118119"}],"version-history":[{"count":1,"href":"https:\/\/eldiariodesanpedro.com.ar\/sitio\/wp-json\/wp\/v2\/posts\/118119\/revisions"}],"predecessor-version":[{"id":118121,"href":"https:\/\/eldiariodesanpedro.com.ar\/sitio\/wp-json\/wp\/v2\/posts\/118119\/revisions\/118121"}],"wp:featuredmedia":[{"embeddable":true,"href":"https:\/\/eldiariodesanpedro.com.ar\/sitio\/wp-json\/wp\/v2\/media\/118120"}],"wp:attachment":[{"href":"https:\/\/eldiariodesanpedro.com.ar\/sitio\/wp-json\/wp\/v2\/media?parent=118119"}],"wp:term":[{"taxonomy":"category","embeddable":true,"href":"https:\/\/eldiariodesanpedro.com.ar\/sitio\/wp-json\/wp\/v2\/categories?post=118119"},{"taxonomy":"post_tag","embeddable":true,"href":"https:\/\/eldiariodesanpedro.com.ar\/sitio\/wp-json\/wp\/v2\/tags?post=118119"}],"curies":[{"name":"wp","href":"https:\/\/api.w.org\/{rel}","templated":true}]}}