{"id":118108,"date":"2023-05-12T21:15:45","date_gmt":"2023-05-13T00:15:45","guid":{"rendered":"https:\/\/eldiariodesanpedro.com.ar\/sitio\/?p=118108"},"modified":"2023-05-12T21:15:47","modified_gmt":"2023-05-13T00:15:47","slug":"reunion-con-dante-paolini-por-el-asalto-a-la-joyeria-tettamanti-y-la-situacion-general-de-seguridad","status":"publish","type":"post","link":"https:\/\/eldiariodesanpedro.com.ar\/sitio\/reunion-con-dante-paolini-por-el-asalto-a-la-joyeria-tettamanti-y-la-situacion-general-de-seguridad\/","title":{"rendered":"Reuni\u00f3n con Dante Paolini por el asalto a la joyer\u00eda Tettamanti y la situaci\u00f3n general de seguridad"},"content":{"rendered":"<!-- VideographyWP Plugin Message: Automatic video embedding prevented by plugin options. -->\n\n<p>El Centro de Comercio, Industria y Turismo recibi\u00f3 esta ma\u00f1ana, tal como hab\u00eda sido anticipado en la asamblea de la v\u00edspera, al Secretario de Seguridad de la Municipalidad de San Pedro, Comisario (R) Dante Paolini.<\/p>\n\n\n\n<p>Ante el hecho delictivo sufrido ayer por la familia Tettamanti en su joyer\u00eda, la entidad se puso a disposici\u00f3n y articul\u00f3 para concretar, hoy mismo, este encuentro, con el objetivo de compartir la preocupaci\u00f3n por la inseguridad, como tema central para toda la comunidad.<br>Adem\u00e1s del presidente Ra\u00fal Cheyllada y el de Secretario de Seguridad, participaron miembros de la nueva comisi\u00f3n directiva y David Tettamanti, hijo y hermano de las v\u00edctimas del asalto.<\/p>\n\n\n\n<p>El Centro de Comercio expres\u00f3 al funcionario la voluntad de colaborar para transmitir a todos los socios las recomendaciones que puedan resultar \u00fatiles en cuanto a medidas de prevenci\u00f3n, y tambi\u00e9n el apoyo para todas las gestiones que contribuyan a dotar de mayor infraestructura para abordar esta problem\u00e1tica.<\/p>\n\n\n\n<p>Ante hechos de esta naturaleza, desde la Comisi\u00f3n Directiva del CCIT se destaca la importancia de la representaci\u00f3n que se le otorga a la entidad, ya que la participaci\u00f3n activa de sus socios y de quienes deseen sumarse, posibilitar\u00e1 que este tipo de acercamientos sean directos y concretos para que ante los problemas diversos que se enfrentan de manera cotidiana los comerciantes, resulte posible establecer canales de di\u00e1logo que permitan transmitir todas las inquietudes de manera institucional y efectiva.<\/p>\n\n\n\n<p>El Centro de Comercio agradece la excelente predisposici\u00f3n del Secretario de Seguridad y continuar\u00e1 acompa\u00f1ando de manera permanente todas las gestiones que se orienten hacia el objetivo de respaldar a los comerciantes, empresarios, profesionales y emprendedores.<\/p>\n\n\n\n<figure class=\"wp-block-image size-large\"><img decoding=\"async\" width=\"1024\" height=\"461\" data-attachment-id=\"118110\" data-permalink=\"https:\/\/eldiariodesanpedro.com.ar\/sitio\/reunion-con-dante-paolini-por-el-asalto-a-la-joyeria-tettamanti-y-la-situacion-general-de-seguridad\/ccit-paolini-2\/\" data-orig-file=\"https:\/\/eldiariodesanpedro.com.ar\/sitio\/wp-content\/uploads\/2023\/05\/CCIT-PAOLINI-2.jpeg\" data-orig-size=\"1200,540\" data-comments-opened=\"0\" data-image-meta=\"{&quot;aperture&quot;:&quot;0&quot;,&quot;credit&quot;:&quot;&quot;,&quot;camera&quot;:&quot;&quot;,&quot;caption&quot;:&quot;&quot;,&quot;created_timestamp&quot;:&quot;0&quot;,&quot;copyright&quot;:&quot;&quot;,&quot;focal_length&quot;:&quot;0&quot;,&quot;iso&quot;:&quot;0&quot;,&quot;shutter_speed&quot;:&quot;0&quot;,&quot;title&quot;:&quot;&quot;,&quot;orientation&quot;:&quot;0&quot;}\" data-image-title=\"CCIT-PAOLINI (2)\" data-image-description=\"\" data-image-caption=\"\" data-large-file=\"https:\/\/eldiariodesanpedro.com.ar\/sitio\/wp-content\/uploads\/2023\/05\/CCIT-PAOLINI-2-1024x461.jpeg\" data-src=\"https:\/\/eldiariodesanpedro.com.ar\/sitio\/wp-content\/uploads\/2023\/05\/CCIT-PAOLINI-2-1024x461.jpeg\" alt=\"\" class=\"wp-image-118110 lazyload\" data-srcset=\"https:\/\/eldiariodesanpedro.com.ar\/sitio\/wp-content\/uploads\/2023\/05\/CCIT-PAOLINI-2-1024x461.jpeg 1024w, https:\/\/eldiariodesanpedro.com.ar\/sitio\/wp-content\/uploads\/2023\/05\/CCIT-PAOLINI-2-300x135.jpeg 300w, https:\/\/eldiariodesanpedro.com.ar\/sitio\/wp-content\/uploads\/2023\/05\/CCIT-PAOLINI-2-768x346.jpeg 768w, https:\/\/eldiariodesanpedro.com.ar\/sitio\/wp-content\/uploads\/2023\/05\/CCIT-PAOLINI-2.jpeg 1200w\" data-sizes=\"(max-width: 1024px) 100vw, 1024px\" src=\"data:image\/svg+xml;base64,PHN2ZyB3aWR0aD0iMSIgaGVpZ2h0PSIxIiB4bWxucz0iaHR0cDovL3d3dy53My5vcmcvMjAwMC9zdmciPjwvc3ZnPg==\" style=\"--smush-placeholder-width: 1024px; --smush-placeholder-aspect-ratio: 1024\/461;\" \/><\/figure>\n\n\n\n<figure class=\"wp-block-image size-large\"><img decoding=\"async\" width=\"1024\" height=\"461\" data-attachment-id=\"118111\" data-permalink=\"https:\/\/eldiariodesanpedro.com.ar\/sitio\/reunion-con-dante-paolini-por-el-asalto-a-la-joyeria-tettamanti-y-la-situacion-general-de-seguridad\/ccit-paolini-3\/\" data-orig-file=\"https:\/\/eldiariodesanpedro.com.ar\/sitio\/wp-content\/uploads\/2023\/05\/CCIT-PAOLINI-3.jpeg\" data-orig-size=\"1200,540\" data-comments-opened=\"0\" data-image-meta=\"{&quot;aperture&quot;:&quot;0&quot;,&quot;credit&quot;:&quot;&quot;,&quot;camera&quot;:&quot;&quot;,&quot;caption&quot;:&quot;&quot;,&quot;created_timestamp&quot;:&quot;0&quot;,&quot;copyright&quot;:&quot;&quot;,&quot;focal_length&quot;:&quot;0&quot;,&quot;iso&quot;:&quot;0&quot;,&quot;shutter_speed&quot;:&quot;0&quot;,&quot;title&quot;:&quot;&quot;,&quot;orientation&quot;:&quot;0&quot;}\" data-image-title=\"CCIT-PAOLINI (3)\" data-image-description=\"\" data-image-caption=\"\" data-large-file=\"https:\/\/eldiariodesanpedro.com.ar\/sitio\/wp-content\/uploads\/2023\/05\/CCIT-PAOLINI-3-1024x461.jpeg\" data-src=\"https:\/\/eldiariodesanpedro.com.ar\/sitio\/wp-content\/uploads\/2023\/05\/CCIT-PAOLINI-3-1024x461.jpeg\" alt=\"\" class=\"wp-image-118111 lazyload\" data-srcset=\"https:\/\/eldiariodesanpedro.com.ar\/sitio\/wp-content\/uploads\/2023\/05\/CCIT-PAOLINI-3-1024x461.jpeg 1024w, https:\/\/eldiariodesanpedro.com.ar\/sitio\/wp-content\/uploads\/2023\/05\/CCIT-PAOLINI-3-300x135.jpeg 300w, https:\/\/eldiariodesanpedro.com.ar\/sitio\/wp-content\/uploads\/2023\/05\/CCIT-PAOLINI-3-768x346.jpeg 768w, https:\/\/eldiariodesanpedro.com.ar\/sitio\/wp-content\/uploads\/2023\/05\/CCIT-PAOLINI-3.jpeg 1200w\" data-sizes=\"(max-width: 1024px) 100vw, 1024px\" src=\"data:image\/svg+xml;base64,PHN2ZyB3aWR0aD0iMSIgaGVpZ2h0PSIxIiB4bWxucz0iaHR0cDovL3d3dy53My5vcmcvMjAwMC9zdmciPjwvc3ZnPg==\" style=\"--smush-placeholder-width: 1024px; --smush-placeholder-aspect-ratio: 1024\/461;\" \/><\/figure>\n","protected":false},"excerpt":{"rendered":"<p>El Centro de Comercio, Industria y Turismo recibi\u00f3 esta ma\u00f1ana, tal como hab\u00eda sido anticipado en la asamblea de la v\u00edspera, al Secretario de Seguridad de la Municipalidad de San Pedro, Comisario (R) Dante Paolini. Ante el hecho delictivo sufrido ayer por la familia Tettamanti en su joyer\u00eda, la entidad se puso a disposici\u00f3n y [&hellip;]<\/p>\n","protected":false},"author":4,"featured_media":118109,"comment_status":"closed","ping_status":"closed","sticky":false,"template":"","format":"standard","meta":{"om_disable_all_campaigns":false,"_jetpack_memberships_contains_paid_content":false,"footnotes":""},"categories":[50,101,2],"tags":[197,696,33,19],"class_list":["post-118108","post","type-post","status-publish","format-standard","has-post-thumbnail","hentry","category-destacadas","category-interes-general-locales","category-locales","tag-buenos-aires","tag-interes-general","tag-locales","tag-san-pedro"],"aioseo_notices":[],"gutentor_comment":0,"jetpack_featured_media_url":"https:\/\/eldiariodesanpedro.com.ar\/sitio\/wp-content\/uploads\/2023\/05\/CCIT-PAOLINI-1.jpeg","jetpack_shortlink":"https:\/\/wp.me\/p6RhLt-uIY","jetpack_sharing_enabled":true,"_links":{"self":[{"href":"https:\/\/eldiariodesanpedro.com.ar\/sitio\/wp-json\/wp\/v2\/posts\/118108","targetHints":{"allow":["GET"]}}],"collection":[{"href":"https:\/\/eldiariodesanpedro.com.ar\/sitio\/wp-json\/wp\/v2\/posts"}],"about":[{"href":"https:\/\/eldiariodesanpedro.com.ar\/sitio\/wp-json\/wp\/v2\/types\/post"}],"author":[{"embeddable":true,"href":"https:\/\/eldiariodesanpedro.com.ar\/sitio\/wp-json\/wp\/v2\/users\/4"}],"replies":[{"embeddable":true,"href":"https:\/\/eldiariodesanpedro.com.ar\/sitio\/wp-json\/wp\/v2\/comments?post=118108"}],"version-history":[{"count":1,"href":"https:\/\/eldiariodesanpedro.com.ar\/sitio\/wp-json\/wp\/v2\/posts\/118108\/revisions"}],"predecessor-version":[{"id":118112,"href":"https:\/\/eldiariodesanpedro.com.ar\/sitio\/wp-json\/wp\/v2\/posts\/118108\/revisions\/118112"}],"wp:featuredmedia":[{"embeddable":true,"href":"https:\/\/eldiariodesanpedro.com.ar\/sitio\/wp-json\/wp\/v2\/media\/118109"}],"wp:attachment":[{"href":"https:\/\/eldiariodesanpedro.com.ar\/sitio\/wp-json\/wp\/v2\/media?parent=118108"}],"wp:term":[{"taxonomy":"category","embeddable":true,"href":"https:\/\/eldiariodesanpedro.com.ar\/sitio\/wp-json\/wp\/v2\/categories?post=118108"},{"taxonomy":"post_tag","embeddable":true,"href":"https:\/\/eldiariodesanpedro.com.ar\/sitio\/wp-json\/wp\/v2\/tags?post=118108"}],"curies":[{"name":"wp","href":"https:\/\/api.w.org\/{rel}","templated":true}]}}