{"id":118087,"date":"2023-05-12T10:10:36","date_gmt":"2023-05-12T13:10:36","guid":{"rendered":"https:\/\/eldiariodesanpedro.com.ar\/sitio\/?p=118087"},"modified":"2023-05-12T10:10:38","modified_gmt":"2023-05-12T13:10:38","slug":"raul-cheyllada-encabeza-una-nueva-comision-directiva-del-centro-de-comercio-y-se-reune-con-el-secretario-de-seguridad","status":"publish","type":"post","link":"https:\/\/eldiariodesanpedro.com.ar\/sitio\/raul-cheyllada-encabeza-una-nueva-comision-directiva-del-centro-de-comercio-y-se-reune-con-el-secretario-de-seguridad\/","title":{"rendered":"Ra\u00fal Cheyllada encabeza una nueva comisi\u00f3n directiva del Centro de Comercio y se re\u00fane con el Secretario de Seguridad"},"content":{"rendered":"<!-- VideographyWP Plugin Message: Automatic video embedding prevented by plugin options. -->\n\n<p>El Centro de Comercio, Industria y Turismo concret\u00f3 este jueves 11 de mayo su Asamblea General Ordinaria para cumplir con el an\u00e1lisis del ejercicio N\u00ba89.<\/p>\n\n\n\n<p>En la introducci\u00f3n de la Asamblea, Cheyllada agradeci\u00f3 la concurrencia de los socios y especialmente de quienes aceptaron integrarse a formar parte de la nueva comisi\u00f3n directiva que tendr\u00e1 la responsabilidad de conducir la instituci\u00f3n en este a\u00f1o muy especial por el 90\u00ba aniversario.&nbsp;&nbsp;<strong>Posteriormente, en una jornada marcada por el impacto del hecho delictivo sufrido por la familia Tettamanti en su &nbsp;tradicional joyer\u00eda, relat\u00f3 parte de lo conversado con las v\u00edctimas representantes de un comercio socio de la entidad. Adem\u00e1s de ratificar lo se\u00f1alado en el comunicado elaborado ayer poni\u00e9ndose a disposici\u00f3n, inform\u00f3 que esta ma\u00f1ana se concretar\u00e1 una reuni\u00f3n con el Secretario de Seguridad Comisario (R) Dante Paolini para dialogar sobre esta problem\u00e1tica.<\/strong><\/p>\n\n\n\n<p>En el Auditorio H\u00e9ctor Padula de la entidad los asociados presentes recibieron informaci\u00f3n relacionada con la Memoria y el Balance del ejercicio referido, y aprobaron la lista presentada para la renovaci\u00f3n de la Comisi\u00f3n Directiva, que ser\u00e1 presidida por un nuevo per\u00edodo de dos a\u00f1os por Ra\u00fal Cheyllada.<br>Con relaci\u00f3n a la situaci\u00f3n general que posteriormente se describi\u00f3 en la Memoria destac\u00f3 la continuidad de las acciones de formaci\u00f3n y capacitaci\u00f3n para socios, especialmente en aspectos relacionados con nuevos emprendimientos y t\u00e9cnicas para mejorar la proyecci\u00f3n de empresarios, comerciantes y profesionales. Se destac\u00f3 el servicio que se sigue prestando a la comunidad a trav\u00e9s de las bocas de cobranza y de gesti\u00f3n de m\u00faltiples servicios, siempre con una mirada de adaptaci\u00f3n y conversi\u00f3n hacia el mediano y largo plazo incorporando otras propuestas.<\/p>\n\n\n\n<p>Dentro de las acciones previstas para esta nueva etapa se destacan la ampliaci\u00f3n de las c\u00e1maras profesionales y empresariales existentes con el objetivo de darle una mayor din\u00e1mica a la entidad y diferentes proyectos enmarcados tambi\u00e9n en el 90\u00ba aniversario que se ir\u00e1n compartiendo con los socios y con la comunidad.<br>En un contexto econ\u00f3mico y pol\u00edtico complejo, Cheyllada destac\u00f3 que la entidad ha mantenido su presencia en todos los espacios de representaci\u00f3n que han elevado las inquietudes de los representados y que al mismo tiempo se ha expresado p\u00fablica e institucionalmente ante las diferentes situaciones que se generan, en lo local y en lo nacional.<\/p>\n\n\n\n<p><strong>La nueva comisi\u00f3n directiva del Centro de Comercio Industria y Turismo con mandato hasta Mayo del 2024 ha quedado conformada de esta manera:<\/strong><\/p>\n\n\n\n<p>Presidente: Ra\u00fal Cheyllada<br>Vicepresidente: Rafael Gomila<br>Secretario: Marta Ronte<br>Prosecretario: Santiago Fari\u00f1a<br>Tesorero: Roberto Seregni<br>Pro Tesorero: Sandro Dotti<br>Vocal Titular 1\u00ba: Daniel Churruarin<br>Vocal Titular 2\u00ba: Hugo Avalos<br>Vocal Titular 3\u00ba: Gustavo Rey<br>Vocal Titular 4\u00ba: Sebasti\u00e1n Arocena<br>Vocal Suplente 1\u00ba: H\u00e9ctor Allegrone<br>Vocal Suplente 2\u00ba: Mariana Maroli &nbsp;<br>Vocal Suplente 3\u00ba: Dante Ferrara<br>Vocal Suplente 4\u00ba: Yamila Rolfo<br>Revisor de Cuentas: V\u00edctor Hugo Gomila<br>Revisor de Cuentas: Roque D\u00edaz<br>Revisor de Cuentas: An\u00edbal Righetti<\/p>\n\n\n\n<figure class=\"wp-block-image size-large\"><img decoding=\"async\" width=\"1024\" height=\"461\" data-attachment-id=\"118088\" data-permalink=\"https:\/\/eldiariodesanpedro.com.ar\/sitio\/raul-cheyllada-encabeza-una-nueva-comision-directiva-del-centro-de-comercio-y-se-reune-con-el-secretario-de-seguridad\/ccit-asamblea2023-1\/\" data-orig-file=\"https:\/\/eldiariodesanpedro.com.ar\/sitio\/wp-content\/uploads\/2023\/05\/CCIT-ASAMBLEA2023-1.jpeg\" data-orig-size=\"1200,540\" data-comments-opened=\"0\" data-image-meta=\"{&quot;aperture&quot;:&quot;0&quot;,&quot;credit&quot;:&quot;&quot;,&quot;camera&quot;:&quot;&quot;,&quot;caption&quot;:&quot;&quot;,&quot;created_timestamp&quot;:&quot;0&quot;,&quot;copyright&quot;:&quot;&quot;,&quot;focal_length&quot;:&quot;0&quot;,&quot;iso&quot;:&quot;0&quot;,&quot;shutter_speed&quot;:&quot;0&quot;,&quot;title&quot;:&quot;&quot;,&quot;orientation&quot;:&quot;0&quot;}\" data-image-title=\"CCIT-ASAMBLEA2023 (1)\" data-image-description=\"\" data-image-caption=\"\" data-large-file=\"https:\/\/eldiariodesanpedro.com.ar\/sitio\/wp-content\/uploads\/2023\/05\/CCIT-ASAMBLEA2023-1-1024x461.jpeg\" data-src=\"https:\/\/eldiariodesanpedro.com.ar\/sitio\/wp-content\/uploads\/2023\/05\/CCIT-ASAMBLEA2023-1-1024x461.jpeg\" alt=\"\" class=\"wp-image-118088 lazyload\" data-srcset=\"https:\/\/eldiariodesanpedro.com.ar\/sitio\/wp-content\/uploads\/2023\/05\/CCIT-ASAMBLEA2023-1-1024x461.jpeg 1024w, https:\/\/eldiariodesanpedro.com.ar\/sitio\/wp-content\/uploads\/2023\/05\/CCIT-ASAMBLEA2023-1-300x135.jpeg 300w, https:\/\/eldiariodesanpedro.com.ar\/sitio\/wp-content\/uploads\/2023\/05\/CCIT-ASAMBLEA2023-1-768x346.jpeg 768w, https:\/\/eldiariodesanpedro.com.ar\/sitio\/wp-content\/uploads\/2023\/05\/CCIT-ASAMBLEA2023-1.jpeg 1200w\" data-sizes=\"(max-width: 1024px) 100vw, 1024px\" src=\"data:image\/svg+xml;base64,PHN2ZyB3aWR0aD0iMSIgaGVpZ2h0PSIxIiB4bWxucz0iaHR0cDovL3d3dy53My5vcmcvMjAwMC9zdmciPjwvc3ZnPg==\" style=\"--smush-placeholder-width: 1024px; --smush-placeholder-aspect-ratio: 1024\/461;\" \/><\/figure>\n","protected":false},"excerpt":{"rendered":"<p>El Centro de Comercio, Industria y Turismo concret\u00f3 este jueves 11 de mayo su Asamblea General Ordinaria para cumplir con el an\u00e1lisis del ejercicio N\u00ba89. En la introducci\u00f3n de la Asamblea, Cheyllada agradeci\u00f3 la concurrencia de los socios y especialmente de quienes aceptaron integrarse a formar parte de la nueva comisi\u00f3n directiva que tendr\u00e1 la [&hellip;]<\/p>\n","protected":false},"author":4,"featured_media":118090,"comment_status":"closed","ping_status":"closed","sticky":false,"template":"","format":"standard","meta":{"om_disable_all_campaigns":false,"_jetpack_memberships_contains_paid_content":false,"footnotes":""},"categories":[50,101,2],"tags":[197,696,33,19],"class_list":["post-118087","post","type-post","status-publish","format-standard","has-post-thumbnail","hentry","category-destacadas","category-interes-general-locales","category-locales","tag-buenos-aires","tag-interes-general","tag-locales","tag-san-pedro"],"aioseo_notices":[],"gutentor_comment":0,"jetpack_featured_media_url":"https:\/\/eldiariodesanpedro.com.ar\/sitio\/wp-content\/uploads\/2023\/05\/CCIT-ASAMBLEA2023-5.jpeg","jetpack_shortlink":"https:\/\/wp.me\/p6RhLt-uID","jetpack_sharing_enabled":true,"_links":{"self":[{"href":"https:\/\/eldiariodesanpedro.com.ar\/sitio\/wp-json\/wp\/v2\/posts\/118087","targetHints":{"allow":["GET"]}}],"collection":[{"href":"https:\/\/eldiariodesanpedro.com.ar\/sitio\/wp-json\/wp\/v2\/posts"}],"about":[{"href":"https:\/\/eldiariodesanpedro.com.ar\/sitio\/wp-json\/wp\/v2\/types\/post"}],"author":[{"embeddable":true,"href":"https:\/\/eldiariodesanpedro.com.ar\/sitio\/wp-json\/wp\/v2\/users\/4"}],"replies":[{"embeddable":true,"href":"https:\/\/eldiariodesanpedro.com.ar\/sitio\/wp-json\/wp\/v2\/comments?post=118087"}],"version-history":[{"count":1,"href":"https:\/\/eldiariodesanpedro.com.ar\/sitio\/wp-json\/wp\/v2\/posts\/118087\/revisions"}],"predecessor-version":[{"id":118091,"href":"https:\/\/eldiariodesanpedro.com.ar\/sitio\/wp-json\/wp\/v2\/posts\/118087\/revisions\/118091"}],"wp:featuredmedia":[{"embeddable":true,"href":"https:\/\/eldiariodesanpedro.com.ar\/sitio\/wp-json\/wp\/v2\/media\/118090"}],"wp:attachment":[{"href":"https:\/\/eldiariodesanpedro.com.ar\/sitio\/wp-json\/wp\/v2\/media?parent=118087"}],"wp:term":[{"taxonomy":"category","embeddable":true,"href":"https:\/\/eldiariodesanpedro.com.ar\/sitio\/wp-json\/wp\/v2\/categories?post=118087"},{"taxonomy":"post_tag","embeddable":true,"href":"https:\/\/eldiariodesanpedro.com.ar\/sitio\/wp-json\/wp\/v2\/tags?post=118087"}],"curies":[{"name":"wp","href":"https:\/\/api.w.org\/{rel}","templated":true}]}}