{"id":118082,"date":"2023-05-11T22:25:41","date_gmt":"2023-05-12T01:25:41","guid":{"rendered":"https:\/\/eldiariodesanpedro.com.ar\/sitio\/?p=118082"},"modified":"2023-05-11T22:25:44","modified_gmt":"2023-05-12T01:25:44","slug":"asamble-anual-ordinaria-de-la-cooperadora-escuela-normal","status":"publish","type":"post","link":"https:\/\/eldiariodesanpedro.com.ar\/sitio\/asamble-anual-ordinaria-de-la-cooperadora-escuela-normal\/","title":{"rendered":"Asamble Anual Ordinaria de la Cooperadora Escuela Normal"},"content":{"rendered":"<!-- VideographyWP Plugin Message: Automatic video embedding prevented by plugin options. -->\n\n<p class=\"has-text-align-center\"><strong>CONVOCATORIA A ASAMBLEA ANUAL ORDINARIA 2023<\/strong><\/p>\n\n\n\n<p>Se\u00f1ores la\u00a0Escuela\u00a0Normal\u00a0convoca a Asamblea Anual Ordinaria de Cooperadora el d\u00eda viernes 19 de Mayo de 2023 a las 19.30 horas en el sal\u00f3n de actos de dicho Establecimiento.<br>Dada la invalorable labor de las cooperadoras escolares sin cuyo apoyo no podr\u00edamos desarrollar nuestro diario que hacer, es que apelamos a ustedes se\u00f1ores padres para que nos acompa\u00f1en a sumar esfuerzos.<br>Los esperamos muy especialmente porque los necesitamos y descontamos su presencia.<\/p>\n\n\n\n<p class=\"has-text-align-center\"><strong>\u00a0ORDEN DEL D\u00cdA\u00a0<\/strong><\/p>\n\n\n\n<p>1) Lectura de Memoria y Balance<br>2) Renovaci\u00f3n parcial de Comisi\u00f3n Directiva<br>3) Fijaci\u00f3n de Cuota Social<\/p>\n","protected":false},"excerpt":{"rendered":"<p>CONVOCATORIA A ASAMBLEA ANUAL ORDINARIA 2023 Se\u00f1ores la\u00a0Escuela\u00a0Normal\u00a0convoca a Asamblea Anual Ordinaria de Cooperadora el d\u00eda viernes 19 de Mayo de 2023 a las 19.30 horas en el sal\u00f3n de actos de dicho Establecimiento.Dada la invalorable labor de las cooperadoras escolares sin cuyo apoyo no podr\u00edamos desarrollar nuestro diario que hacer, es que apelamos a [&hellip;]<\/p>\n","protected":false},"author":4,"featured_media":118083,"comment_status":"closed","ping_status":"closed","sticky":false,"template":"","format":"standard","meta":{"om_disable_all_campaigns":false,"_jetpack_memberships_contains_paid_content":false,"footnotes":""},"categories":[678,676],"tags":[4129,197,1121,1355,19],"class_list":["post-118082","post","type-post","status-publish","format-standard","has-post-thumbnail","hentry","category-convocatorias","category-edictos","tag-asamble-anual-ordinaria-de-la-cooperadora-escuela-normal","tag-buenos-aires","tag-edicto","tag-judiciales","tag-san-pedro"],"aioseo_notices":[],"gutentor_comment":0,"jetpack_featured_media_url":"https:\/\/eldiariodesanpedro.com.ar\/sitio\/wp-content\/uploads\/2023\/05\/Escuela-Normal-2023.jpg","jetpack_shortlink":"https:\/\/wp.me\/p6RhLt-uIy","jetpack_sharing_enabled":true,"_links":{"self":[{"href":"https:\/\/eldiariodesanpedro.com.ar\/sitio\/wp-json\/wp\/v2\/posts\/118082","targetHints":{"allow":["GET"]}}],"collection":[{"href":"https:\/\/eldiariodesanpedro.com.ar\/sitio\/wp-json\/wp\/v2\/posts"}],"about":[{"href":"https:\/\/eldiariodesanpedro.com.ar\/sitio\/wp-json\/wp\/v2\/types\/post"}],"author":[{"embeddable":true,"href":"https:\/\/eldiariodesanpedro.com.ar\/sitio\/wp-json\/wp\/v2\/users\/4"}],"replies":[{"embeddable":true,"href":"https:\/\/eldiariodesanpedro.com.ar\/sitio\/wp-json\/wp\/v2\/comments?post=118082"}],"version-history":[{"count":1,"href":"https:\/\/eldiariodesanpedro.com.ar\/sitio\/wp-json\/wp\/v2\/posts\/118082\/revisions"}],"predecessor-version":[{"id":118084,"href":"https:\/\/eldiariodesanpedro.com.ar\/sitio\/wp-json\/wp\/v2\/posts\/118082\/revisions\/118084"}],"wp:featuredmedia":[{"embeddable":true,"href":"https:\/\/eldiariodesanpedro.com.ar\/sitio\/wp-json\/wp\/v2\/media\/118083"}],"wp:attachment":[{"href":"https:\/\/eldiariodesanpedro.com.ar\/sitio\/wp-json\/wp\/v2\/media?parent=118082"}],"wp:term":[{"taxonomy":"category","embeddable":true,"href":"https:\/\/eldiariodesanpedro.com.ar\/sitio\/wp-json\/wp\/v2\/categories?post=118082"},{"taxonomy":"post_tag","embeddable":true,"href":"https:\/\/eldiariodesanpedro.com.ar\/sitio\/wp-json\/wp\/v2\/tags?post=118082"}],"curies":[{"name":"wp","href":"https:\/\/api.w.org\/{rel}","templated":true}]}}