{"id":118080,"date":"2023-05-11T21:49:23","date_gmt":"2023-05-12T00:49:23","guid":{"rendered":"https:\/\/eldiariodesanpedro.com.ar\/sitio\/?p=118080"},"modified":"2023-05-11T21:49:25","modified_gmt":"2023-05-12T00:49:25","slug":"edicto-de-techeira-antonio-c-sucesores-de-santiago-anselmo-barreyro-y-otros-s-escrituracion","status":"publish","type":"post","link":"https:\/\/eldiariodesanpedro.com.ar\/sitio\/edicto-de-techeira-antonio-c-sucesores-de-santiago-anselmo-barreyro-y-otros-s-escrituracion\/","title":{"rendered":"Edicto de Techeira Antonio C\/ Sucesores De Santiago Anselmo Barreyro y Otros S\/ Escrituraci\u00f3n"},"content":{"rendered":"<!-- VideographyWP Plugin Message: Automatic video embedding prevented by plugin options. -->\n\n<p>El Juzgado de Primera Instancia Civil y Comercial N\u00ba 8 de la Primera Circunscripci\u00f3n Judicial de Misiones, a cargo de la Dra. Adriana Beatriz Fiori, Secretar\u00eda \u00danica, sito en Avda. Santa Catalina N\u00ba 1735 planta baja, de esta ciudad de Posadas, cita a los herederos del Sr. <strong>Alfredo Ernesto Barreyro<\/strong> DNI N\u00b0 7.478.787 a fin que comparezcan y se presenten dentro del t\u00e9rmino de CINCO D\u00cdAS para hacer valer el derecho, bajo apercibimiento de design\u00e1rsele Defensor Oficial de Ausentes en los autos caratulados \u201cExpte. N\u00ba 737\/2013 <strong>Techeira Antonio C\/ Sucesores De Santiago Anselmo Barreyro y Otros S\/ Escrituraci\u00f3n<\/strong> Conexidad Solicitada en autos 442\/1984 &#8211; BARREYRO SANTIAGO S\/ Sucesi\u00f3n\u201d.<\/p>\n\n\n\n<p>Publ\u00edquese por dos (2) d\u00edas en un diario de mayor circulaci\u00f3n de la Ciudad de San Carlos, Provincia de Corrientes. Posadas, 18 de abril de 2023.<\/p>\n\n\n\n<p>ABOGADO SECRETARIO<\/p>\n\n\n\n<p>(Publicaci\u00f3n V\u00e1lida por el d\u00eda 11 y 12 de mayo de 2023)<\/p>\n","protected":false},"excerpt":{"rendered":"<p>El Juzgado de Primera Instancia Civil y Comercial N\u00ba 8 de la Primera Circunscripci\u00f3n Judicial de Misiones, a cargo de la Dra. Adriana Beatriz Fiori, Secretar\u00eda \u00danica, sito en Avda. Santa Catalina N\u00ba 1735 planta baja, de esta ciudad de Posadas, cita a los herederos del Sr. Alfredo Ernesto Barreyro DNI N\u00b0 7.478.787 a fin [&hellip;]<\/p>\n","protected":false},"author":4,"featured_media":102746,"comment_status":"closed","ping_status":"closed","sticky":false,"template":"","format":"standard","meta":{"om_disable_all_campaigns":false,"_jetpack_memberships_contains_paid_content":false,"footnotes":""},"categories":[676,1124],"tags":[197,4128,19],"class_list":["post-118080","post","type-post","status-publish","format-standard","has-post-thumbnail","hentry","category-edictos","category-edictos-especiales","tag-buenos-aires","tag-edicto-de-techeira-antonio-c-sucesores-de-santiago-anselmo-barreyro-y-otros-s-escrituracion","tag-san-pedro"],"aioseo_notices":[],"gutentor_comment":0,"jetpack_featured_media_url":"https:\/\/eldiariodesanpedro.com.ar\/sitio\/wp-content\/uploads\/2022\/01\/EDICTO.jpg","jetpack_shortlink":"https:\/\/wp.me\/p6RhLt-uIw","jetpack_sharing_enabled":true,"_links":{"self":[{"href":"https:\/\/eldiariodesanpedro.com.ar\/sitio\/wp-json\/wp\/v2\/posts\/118080","targetHints":{"allow":["GET"]}}],"collection":[{"href":"https:\/\/eldiariodesanpedro.com.ar\/sitio\/wp-json\/wp\/v2\/posts"}],"about":[{"href":"https:\/\/eldiariodesanpedro.com.ar\/sitio\/wp-json\/wp\/v2\/types\/post"}],"author":[{"embeddable":true,"href":"https:\/\/eldiariodesanpedro.com.ar\/sitio\/wp-json\/wp\/v2\/users\/4"}],"replies":[{"embeddable":true,"href":"https:\/\/eldiariodesanpedro.com.ar\/sitio\/wp-json\/wp\/v2\/comments?post=118080"}],"version-history":[{"count":1,"href":"https:\/\/eldiariodesanpedro.com.ar\/sitio\/wp-json\/wp\/v2\/posts\/118080\/revisions"}],"predecessor-version":[{"id":118081,"href":"https:\/\/eldiariodesanpedro.com.ar\/sitio\/wp-json\/wp\/v2\/posts\/118080\/revisions\/118081"}],"wp:featuredmedia":[{"embeddable":true,"href":"https:\/\/eldiariodesanpedro.com.ar\/sitio\/wp-json\/wp\/v2\/media\/102746"}],"wp:attachment":[{"href":"https:\/\/eldiariodesanpedro.com.ar\/sitio\/wp-json\/wp\/v2\/media?parent=118080"}],"wp:term":[{"taxonomy":"category","embeddable":true,"href":"https:\/\/eldiariodesanpedro.com.ar\/sitio\/wp-json\/wp\/v2\/categories?post=118080"},{"taxonomy":"post_tag","embeddable":true,"href":"https:\/\/eldiariodesanpedro.com.ar\/sitio\/wp-json\/wp\/v2\/tags?post=118080"}],"curies":[{"name":"wp","href":"https:\/\/api.w.org\/{rel}","templated":true}]}}