{"id":118078,"date":"2023-05-11T21:41:43","date_gmt":"2023-05-12T00:41:43","guid":{"rendered":"https:\/\/eldiariodesanpedro.com.ar\/sitio\/?p=118078"},"modified":"2023-05-11T21:41:44","modified_gmt":"2023-05-12T00:41:44","slug":"edicto-de-sucesion-de-nelida-maria-hernandez","status":"publish","type":"post","link":"https:\/\/eldiariodesanpedro.com.ar\/sitio\/edicto-de-sucesion-de-nelida-maria-hernandez\/","title":{"rendered":"Edicto de Sucesi\u00f3n de N\u00e9lida Mar\u00eda Hernandez"},"content":{"rendered":"<!-- VideographyWP Plugin Message: Automatic video embedding prevented by plugin options. -->\n\n<p>El Juzgado de Paz Letrado de la Ciudad de San Pedro, Secretaria \u00danica de la Ciudad de San Pedro (B), Departamento Judicial de San Nicol\u00e1s (B); cita y emplaza por treinta d\u00edas a herederos y acreedores de la Sra. <strong>N\u00e9lida Mar\u00eda Hernandez<\/strong> con D.N.I. N\u00b0 4.374.656. San Pedro a los 10 d\u00edas del mes de Mayo del 2023.-<\/p>\n\n\n\n<p>FACUNDO VELL\u00d3N<br>ABOGADO SECRETARIO<\/p>\n\n\n\n<p>(Publicaci\u00f3n V\u00e1lida por el d\u00eda 11, 12 y 13 de mayo de 2023)<br><a href=\"https:\/\/notificaciones.scba.gov.ar\/verificarnotificacion.aspx?codNotif=H00CZ9\">https:\/\/notificaciones.scba.gov.ar\/verificarnotificacion.aspx?codNotif=H00CZ9<\/a><\/p>\n","protected":false},"excerpt":{"rendered":"<p>El Juzgado de Paz Letrado de la Ciudad de San Pedro, Secretaria \u00danica de la Ciudad de San Pedro (B), Departamento Judicial de San Nicol\u00e1s (B); cita y emplaza por treinta d\u00edas a herederos y acreedores de la Sra. N\u00e9lida Mar\u00eda Hernandez con D.N.I. N\u00b0 4.374.656. San Pedro a los 10 d\u00edas del mes de [&hellip;]<\/p>\n","protected":false},"author":4,"featured_media":102746,"comment_status":"closed","ping_status":"closed","sticky":false,"template":"","format":"standard","meta":{"om_disable_all_campaigns":false,"_jetpack_memberships_contains_paid_content":false,"footnotes":""},"categories":[676,677],"tags":[4127],"class_list":["post-118078","post","type-post","status-publish","format-standard","has-post-thumbnail","hentry","category-edictos","category-edictos-sucesorios","tag-edicto-de-sucesion-de-nelida-maria-hernandez"],"aioseo_notices":[],"gutentor_comment":0,"jetpack_featured_media_url":"https:\/\/eldiariodesanpedro.com.ar\/sitio\/wp-content\/uploads\/2022\/01\/EDICTO.jpg","jetpack_shortlink":"https:\/\/wp.me\/p6RhLt-uIu","jetpack_sharing_enabled":true,"_links":{"self":[{"href":"https:\/\/eldiariodesanpedro.com.ar\/sitio\/wp-json\/wp\/v2\/posts\/118078","targetHints":{"allow":["GET"]}}],"collection":[{"href":"https:\/\/eldiariodesanpedro.com.ar\/sitio\/wp-json\/wp\/v2\/posts"}],"about":[{"href":"https:\/\/eldiariodesanpedro.com.ar\/sitio\/wp-json\/wp\/v2\/types\/post"}],"author":[{"embeddable":true,"href":"https:\/\/eldiariodesanpedro.com.ar\/sitio\/wp-json\/wp\/v2\/users\/4"}],"replies":[{"embeddable":true,"href":"https:\/\/eldiariodesanpedro.com.ar\/sitio\/wp-json\/wp\/v2\/comments?post=118078"}],"version-history":[{"count":1,"href":"https:\/\/eldiariodesanpedro.com.ar\/sitio\/wp-json\/wp\/v2\/posts\/118078\/revisions"}],"predecessor-version":[{"id":118079,"href":"https:\/\/eldiariodesanpedro.com.ar\/sitio\/wp-json\/wp\/v2\/posts\/118078\/revisions\/118079"}],"wp:featuredmedia":[{"embeddable":true,"href":"https:\/\/eldiariodesanpedro.com.ar\/sitio\/wp-json\/wp\/v2\/media\/102746"}],"wp:attachment":[{"href":"https:\/\/eldiariodesanpedro.com.ar\/sitio\/wp-json\/wp\/v2\/media?parent=118078"}],"wp:term":[{"taxonomy":"category","embeddable":true,"href":"https:\/\/eldiariodesanpedro.com.ar\/sitio\/wp-json\/wp\/v2\/categories?post=118078"},{"taxonomy":"post_tag","embeddable":true,"href":"https:\/\/eldiariodesanpedro.com.ar\/sitio\/wp-json\/wp\/v2\/tags?post=118078"}],"curies":[{"name":"wp","href":"https:\/\/api.w.org\/{rel}","templated":true}]}}