{"id":118042,"date":"2023-05-10T22:26:40","date_gmt":"2023-05-11T01:26:40","guid":{"rendered":"https:\/\/eldiariodesanpedro.com.ar\/sitio\/?p=118042"},"modified":"2023-05-10T22:26:42","modified_gmt":"2023-05-11T01:26:42","slug":"subsecretaria-de-rsu-y-economia-circular-visita-san-pedro-para-fortalecer-acciones-ambientales","status":"publish","type":"post","link":"https:\/\/eldiariodesanpedro.com.ar\/sitio\/subsecretaria-de-rsu-y-economia-circular-visita-san-pedro-para-fortalecer-acciones-ambientales\/","title":{"rendered":"Subsecretaria de RSU y Econom\u00eda Circular visita San Pedro para fortalecer acciones ambientales"},"content":{"rendered":"<!-- VideographyWP Plugin Message: Automatic video embedding prevented by plugin options. -->\n\n<p>La subsecretaria de Residuos S\u00f3lidos Urbanos (RSU) y Econom\u00eda Circular de la Provincia de Buenos Aires, Jackie Flores, realiz\u00f3 una visita a San Pedro el mi\u00e9rcoles pasado. Durante su estad\u00eda, se reuni\u00f3 con el Intendente Cecilio Salazar, junto con el Secretario de Gobierno, Mart\u00edn Baraybar, y el Director de Ambiente, Gustavo Sol\u00e1.<\/p>\n\n\n\n<p>La subsecretaria ha estado trabajando de manera efectiva en colaboraci\u00f3n con el gobierno local y los trabajadores involucrados en la recepci\u00f3n y reutilizaci\u00f3n de los residuos recolectados en la zona. Durante la reuni\u00f3n, se repasaron los programas en curso y los proyectos que implican la participaci\u00f3n del Ministerio de Ambiente de la Naci\u00f3n, con acciones espec\u00edficas que se est\u00e1n llevando a cabo en diversos lugares. El objetivo principal es reducir el impacto ambiental del basural a cielo abierto y mejorar las condiciones de trabajo de los recuperadores urbanos, al mismo tiempo que se obtienen beneficios ecol\u00f3gicos.<\/p>\n\n\n\n<p>Como se anunci\u00f3 anteriormente, la Direcci\u00f3n de Ambiente tiene previsto realizar una presentaci\u00f3n general en los pr\u00f3ximos d\u00edas, en la cual se compartir\u00e1 informaci\u00f3n con la prensa y la comunidad. Adem\u00e1s, recientemente se recibi\u00f3 maquinaria que contribuir\u00e1 a estos esfuerzos.<\/p>\n\n\n\n<figure class=\"wp-block-image size-full\"><img decoding=\"async\" width=\"1006\" height=\"630\" data-attachment-id=\"118044\" data-permalink=\"https:\/\/eldiariodesanpedro.com.ar\/sitio\/subsecretaria-de-rsu-y-economia-circular-visita-san-pedro-para-fortalecer-acciones-ambientales\/imagen-de-whatsapp-2023-05-10-a-las-20-01-11\/\" data-orig-file=\"https:\/\/eldiariodesanpedro.com.ar\/sitio\/wp-content\/uploads\/2023\/05\/Imagen-de-WhatsApp-2023-05-10-a-las-20.01.11.jpg\" data-orig-size=\"1006,630\" data-comments-opened=\"0\" data-image-meta=\"{&quot;aperture&quot;:&quot;0&quot;,&quot;credit&quot;:&quot;&quot;,&quot;camera&quot;:&quot;&quot;,&quot;caption&quot;:&quot;&quot;,&quot;created_timestamp&quot;:&quot;0&quot;,&quot;copyright&quot;:&quot;&quot;,&quot;focal_length&quot;:&quot;0&quot;,&quot;iso&quot;:&quot;0&quot;,&quot;shutter_speed&quot;:&quot;0&quot;,&quot;title&quot;:&quot;&quot;,&quot;orientation&quot;:&quot;0&quot;}\" data-image-title=\"Imagen de WhatsApp 2023-05-10 a las 20.01.11\" data-image-description=\"\" data-image-caption=\"\" data-large-file=\"https:\/\/eldiariodesanpedro.com.ar\/sitio\/wp-content\/uploads\/2023\/05\/Imagen-de-WhatsApp-2023-05-10-a-las-20.01.11.jpg\" data-src=\"https:\/\/eldiariodesanpedro.com.ar\/sitio\/wp-content\/uploads\/2023\/05\/Imagen-de-WhatsApp-2023-05-10-a-las-20.01.11.jpg\" alt=\"\" class=\"wp-image-118044 lazyload\" data-srcset=\"https:\/\/eldiariodesanpedro.com.ar\/sitio\/wp-content\/uploads\/2023\/05\/Imagen-de-WhatsApp-2023-05-10-a-las-20.01.11.jpg 1006w, https:\/\/eldiariodesanpedro.com.ar\/sitio\/wp-content\/uploads\/2023\/05\/Imagen-de-WhatsApp-2023-05-10-a-las-20.01.11-300x188.jpg 300w, https:\/\/eldiariodesanpedro.com.ar\/sitio\/wp-content\/uploads\/2023\/05\/Imagen-de-WhatsApp-2023-05-10-a-las-20.01.11-768x481.jpg 768w\" data-sizes=\"(max-width: 1006px) 100vw, 1006px\" src=\"data:image\/svg+xml;base64,PHN2ZyB3aWR0aD0iMSIgaGVpZ2h0PSIxIiB4bWxucz0iaHR0cDovL3d3dy53My5vcmcvMjAwMC9zdmciPjwvc3ZnPg==\" style=\"--smush-placeholder-width: 1006px; --smush-placeholder-aspect-ratio: 1006\/630;\" \/><\/figure>\n\n\n\n<figure class=\"wp-block-image size-full\"><img decoding=\"async\" width=\"955\" height=\"630\" data-attachment-id=\"118045\" data-permalink=\"https:\/\/eldiariodesanpedro.com.ar\/sitio\/subsecretaria-de-rsu-y-economia-circular-visita-san-pedro-para-fortalecer-acciones-ambientales\/imagen-de-whatsapp-2023-05-10-a-las-20-01-12\/\" data-orig-file=\"https:\/\/eldiariodesanpedro.com.ar\/sitio\/wp-content\/uploads\/2023\/05\/Imagen-de-WhatsApp-2023-05-10-a-las-20.01.12.jpg\" data-orig-size=\"955,630\" data-comments-opened=\"0\" data-image-meta=\"{&quot;aperture&quot;:&quot;0&quot;,&quot;credit&quot;:&quot;&quot;,&quot;camera&quot;:&quot;&quot;,&quot;caption&quot;:&quot;&quot;,&quot;created_timestamp&quot;:&quot;0&quot;,&quot;copyright&quot;:&quot;&quot;,&quot;focal_length&quot;:&quot;0&quot;,&quot;iso&quot;:&quot;0&quot;,&quot;shutter_speed&quot;:&quot;0&quot;,&quot;title&quot;:&quot;&quot;,&quot;orientation&quot;:&quot;0&quot;}\" data-image-title=\"Imagen de WhatsApp 2023-05-10 a las 20.01.12\" data-image-description=\"\" data-image-caption=\"\" data-large-file=\"https:\/\/eldiariodesanpedro.com.ar\/sitio\/wp-content\/uploads\/2023\/05\/Imagen-de-WhatsApp-2023-05-10-a-las-20.01.12.jpg\" data-src=\"https:\/\/eldiariodesanpedro.com.ar\/sitio\/wp-content\/uploads\/2023\/05\/Imagen-de-WhatsApp-2023-05-10-a-las-20.01.12.jpg\" alt=\"\" class=\"wp-image-118045 lazyload\" data-srcset=\"https:\/\/eldiariodesanpedro.com.ar\/sitio\/wp-content\/uploads\/2023\/05\/Imagen-de-WhatsApp-2023-05-10-a-las-20.01.12.jpg 955w, https:\/\/eldiariodesanpedro.com.ar\/sitio\/wp-content\/uploads\/2023\/05\/Imagen-de-WhatsApp-2023-05-10-a-las-20.01.12-300x198.jpg 300w, https:\/\/eldiariodesanpedro.com.ar\/sitio\/wp-content\/uploads\/2023\/05\/Imagen-de-WhatsApp-2023-05-10-a-las-20.01.12-768x507.jpg 768w\" data-sizes=\"(max-width: 955px) 100vw, 955px\" src=\"data:image\/svg+xml;base64,PHN2ZyB3aWR0aD0iMSIgaGVpZ2h0PSIxIiB4bWxucz0iaHR0cDovL3d3dy53My5vcmcvMjAwMC9zdmciPjwvc3ZnPg==\" style=\"--smush-placeholder-width: 955px; --smush-placeholder-aspect-ratio: 955\/630;\" \/><\/figure>\n\n\n\n<p>#MedioAmbiente #ResiduosS\u00f3lidosUrbanos #Econom\u00edaCircular #Gesti\u00f3nAmbiental #DesarrolloSostenible #Reciclaje #BuenosAires #SanPedro<\/p>\n","protected":false},"excerpt":{"rendered":"<p>La subsecretaria de Residuos S\u00f3lidos Urbanos (RSU) y Econom\u00eda Circular de la Provincia de Buenos Aires, Jackie Flores, realiz\u00f3 una visita a San Pedro el mi\u00e9rcoles pasado. Durante su estad\u00eda, se reuni\u00f3 con el Intendente Cecilio Salazar, junto con el Secretario de Gobierno, Mart\u00edn Baraybar, y el Director de Ambiente, Gustavo Sol\u00e1. La subsecretaria ha [&hellip;]<\/p>\n","protected":false},"author":4,"featured_media":118043,"comment_status":"closed","ping_status":"closed","sticky":false,"template":"","format":"standard","meta":{"om_disable_all_campaigns":false,"_jetpack_memberships_contains_paid_content":false,"footnotes":""},"categories":[50,101,2],"tags":[197,4113,4111,4112,4047,4048,4114,19],"class_list":["post-118042","post","type-post","status-publish","format-standard","has-post-thumbnail","hentry","category-destacadas","category-interes-general-locales","category-locales","tag-buenos-aires","tag-desarrollo-sostenible","tag-economia-circular","tag-gestion-ambiental","tag-medio-ambiente","tag-reciclaje","tag-residuos-solidos-urbanos","tag-san-pedro"],"aioseo_notices":[],"gutentor_comment":0,"jetpack_featured_media_url":"https:\/\/eldiariodesanpedro.com.ar\/sitio\/wp-content\/uploads\/2023\/05\/Imagen-de-WhatsApp-2023-05-10-a-las-20.01.10.jpg","jetpack_shortlink":"https:\/\/wp.me\/p6RhLt-uHU","jetpack_sharing_enabled":true,"_links":{"self":[{"href":"https:\/\/eldiariodesanpedro.com.ar\/sitio\/wp-json\/wp\/v2\/posts\/118042","targetHints":{"allow":["GET"]}}],"collection":[{"href":"https:\/\/eldiariodesanpedro.com.ar\/sitio\/wp-json\/wp\/v2\/posts"}],"about":[{"href":"https:\/\/eldiariodesanpedro.com.ar\/sitio\/wp-json\/wp\/v2\/types\/post"}],"author":[{"embeddable":true,"href":"https:\/\/eldiariodesanpedro.com.ar\/sitio\/wp-json\/wp\/v2\/users\/4"}],"replies":[{"embeddable":true,"href":"https:\/\/eldiariodesanpedro.com.ar\/sitio\/wp-json\/wp\/v2\/comments?post=118042"}],"version-history":[{"count":1,"href":"https:\/\/eldiariodesanpedro.com.ar\/sitio\/wp-json\/wp\/v2\/posts\/118042\/revisions"}],"predecessor-version":[{"id":118047,"href":"https:\/\/eldiariodesanpedro.com.ar\/sitio\/wp-json\/wp\/v2\/posts\/118042\/revisions\/118047"}],"wp:featuredmedia":[{"embeddable":true,"href":"https:\/\/eldiariodesanpedro.com.ar\/sitio\/wp-json\/wp\/v2\/media\/118043"}],"wp:attachment":[{"href":"https:\/\/eldiariodesanpedro.com.ar\/sitio\/wp-json\/wp\/v2\/media?parent=118042"}],"wp:term":[{"taxonomy":"category","embeddable":true,"href":"https:\/\/eldiariodesanpedro.com.ar\/sitio\/wp-json\/wp\/v2\/categories?post=118042"},{"taxonomy":"post_tag","embeddable":true,"href":"https:\/\/eldiariodesanpedro.com.ar\/sitio\/wp-json\/wp\/v2\/tags?post=118042"}],"curies":[{"name":"wp","href":"https:\/\/api.w.org\/{rel}","templated":true}]}}