{"id":117999,"date":"2023-05-10T13:14:04","date_gmt":"2023-05-10T16:14:04","guid":{"rendered":"https:\/\/eldiariodesanpedro.com.ar\/sitio\/?p=117999"},"modified":"2023-05-10T13:14:05","modified_gmt":"2023-05-10T16:14:05","slug":"camion-cargado-con-ecobotellas-parte-hacia-la-fundacion-botellas-de-amor-para-la-construccion-de-proyectos-sustentables","status":"publish","type":"post","link":"https:\/\/eldiariodesanpedro.com.ar\/sitio\/camion-cargado-con-ecobotellas-parte-hacia-la-fundacion-botellas-de-amor-para-la-construccion-de-proyectos-sustentables\/","title":{"rendered":"Cami\u00f3n cargado con Ecobotellas parte hacia la Fundaci\u00f3n &#8216;Botellas de Amor&#8217; para la construcci\u00f3n de proyectos sustentables"},"content":{"rendered":"<!-- VideographyWP Plugin Message: Automatic video embedding prevented by plugin options. -->\n\n<p>Un cami\u00f3n cargado con Ecobotellas parti\u00f3 ayer desde la Escuela Secundaria 11, punto verde en donde se encuentran los contenedores para la recolecci\u00f3n. Las Ecobotellas aportadas por vecinos de San Pedro y las localidades del partido est\u00e1n destinadas a la fundaci\u00f3n \u00abBotellas de Amor\u00bb para la creaci\u00f3n de placas y ladrillos con los que construir parques infantiles, mobiliario escolar y urbano o hasta viviendas.<\/p>\n\n\n\n<p>Estas Ecobotellas son botellas de PET rellenas de pl\u00e1sticos de un solo uso, como papeles film, envoltorios de alimentos, palitos de chupet\u00edn, bolsas de supermercado y herm\u00e9ticas, vajilla descartable, sobres de caf\u00e9 y de jugos, bolsas de alimento balanceado, sachets, m\u00e1quinas de afeitar (sin las navajas), lapiceras (sin el resorte ni la punta met\u00e1lica) y cepillos de dientes.<\/p>\n\n\n\n<p>Hern\u00e1n Gonz\u00e1lez, director de la Escuela Secundaria 11, confirm\u00f3 que mantienen contactos con la Direcci\u00f3n de Medio Ambiente para contar con m\u00e1s lugares de acopio en la ciudad. \u00abAl ser m\u00e1s grande la iniciativa tal vez necesitemos una mano porque no vamos a poder manejarlo solos\u00bb reconoci\u00f3 Gonz\u00e1lez, quien destac\u00f3 el trabajo del Director de Medio Ambiente, Gustavo Sol\u00e1.<\/p>\n\n\n\n<p>#Ecobotellas #Reciclaje #MedioAmbiente #Sustentabilidad #Fundaci\u00f3nBotellasdeAmor #Construcci\u00f3nSustentable #Recolecci\u00f3n #Pl\u00e1sticosdeunSoloUso #Educaci\u00f3nAmbiental<\/p>\n\n\n\n<figure class=\"wp-block-image size-full\"><img decoding=\"async\" width=\"840\" height=\"630\" data-attachment-id=\"118001\" data-permalink=\"https:\/\/eldiariodesanpedro.com.ar\/sitio\/camion-cargado-con-ecobotellas-parte-hacia-la-fundacion-botellas-de-amor-para-la-construccion-de-proyectos-sustentables\/whatsapp-image-2023-05-10-at-07-59-35\/\" data-orig-file=\"https:\/\/eldiariodesanpedro.com.ar\/sitio\/wp-content\/uploads\/2023\/05\/WhatsApp-Image-2023-05-10-at-07.59.35.jpeg\" data-orig-size=\"840,630\" data-comments-opened=\"0\" data-image-meta=\"{&quot;aperture&quot;:&quot;0&quot;,&quot;credit&quot;:&quot;&quot;,&quot;camera&quot;:&quot;&quot;,&quot;caption&quot;:&quot;&quot;,&quot;created_timestamp&quot;:&quot;0&quot;,&quot;copyright&quot;:&quot;&quot;,&quot;focal_length&quot;:&quot;0&quot;,&quot;iso&quot;:&quot;0&quot;,&quot;shutter_speed&quot;:&quot;0&quot;,&quot;title&quot;:&quot;&quot;,&quot;orientation&quot;:&quot;0&quot;}\" data-image-title=\"WhatsApp Image 2023-05-10 at 07.59.35\" data-image-description=\"\" data-image-caption=\"\" data-large-file=\"https:\/\/eldiariodesanpedro.com.ar\/sitio\/wp-content\/uploads\/2023\/05\/WhatsApp-Image-2023-05-10-at-07.59.35.jpeg\" data-src=\"https:\/\/eldiariodesanpedro.com.ar\/sitio\/wp-content\/uploads\/2023\/05\/WhatsApp-Image-2023-05-10-at-07.59.35.jpeg\" alt=\"\" class=\"wp-image-118001 lazyload\" data-srcset=\"https:\/\/eldiariodesanpedro.com.ar\/sitio\/wp-content\/uploads\/2023\/05\/WhatsApp-Image-2023-05-10-at-07.59.35.jpeg 840w, https:\/\/eldiariodesanpedro.com.ar\/sitio\/wp-content\/uploads\/2023\/05\/WhatsApp-Image-2023-05-10-at-07.59.35-300x225.jpeg 300w, https:\/\/eldiariodesanpedro.com.ar\/sitio\/wp-content\/uploads\/2023\/05\/WhatsApp-Image-2023-05-10-at-07.59.35-768x576.jpeg 768w, https:\/\/eldiariodesanpedro.com.ar\/sitio\/wp-content\/uploads\/2023\/05\/WhatsApp-Image-2023-05-10-at-07.59.35-272x204.jpeg 272w\" data-sizes=\"(max-width: 840px) 100vw, 840px\" src=\"data:image\/svg+xml;base64,PHN2ZyB3aWR0aD0iMSIgaGVpZ2h0PSIxIiB4bWxucz0iaHR0cDovL3d3dy53My5vcmcvMjAwMC9zdmciPjwvc3ZnPg==\" style=\"--smush-placeholder-width: 840px; --smush-placeholder-aspect-ratio: 840\/630;\" \/><\/figure>\n\n\n\n<figure class=\"wp-block-image size-full\"><img decoding=\"async\" width=\"839\" height=\"630\" data-attachment-id=\"118002\" data-permalink=\"https:\/\/eldiariodesanpedro.com.ar\/sitio\/camion-cargado-con-ecobotellas-parte-hacia-la-fundacion-botellas-de-amor-para-la-construccion-de-proyectos-sustentables\/whatsapp-image-2023-05-10-at-07-59-41\/\" data-orig-file=\"https:\/\/eldiariodesanpedro.com.ar\/sitio\/wp-content\/uploads\/2023\/05\/WhatsApp-Image-2023-05-10-at-07.59.41.jpeg\" data-orig-size=\"839,630\" data-comments-opened=\"0\" data-image-meta=\"{&quot;aperture&quot;:&quot;0&quot;,&quot;credit&quot;:&quot;&quot;,&quot;camera&quot;:&quot;&quot;,&quot;caption&quot;:&quot;&quot;,&quot;created_timestamp&quot;:&quot;0&quot;,&quot;copyright&quot;:&quot;&quot;,&quot;focal_length&quot;:&quot;0&quot;,&quot;iso&quot;:&quot;0&quot;,&quot;shutter_speed&quot;:&quot;0&quot;,&quot;title&quot;:&quot;&quot;,&quot;orientation&quot;:&quot;0&quot;}\" data-image-title=\"WhatsApp Image 2023-05-10 at 07.59.41\" data-image-description=\"\" data-image-caption=\"\" data-large-file=\"https:\/\/eldiariodesanpedro.com.ar\/sitio\/wp-content\/uploads\/2023\/05\/WhatsApp-Image-2023-05-10-at-07.59.41.jpeg\" data-src=\"https:\/\/eldiariodesanpedro.com.ar\/sitio\/wp-content\/uploads\/2023\/05\/WhatsApp-Image-2023-05-10-at-07.59.41.jpeg\" alt=\"\" class=\"wp-image-118002 lazyload\" data-srcset=\"https:\/\/eldiariodesanpedro.com.ar\/sitio\/wp-content\/uploads\/2023\/05\/WhatsApp-Image-2023-05-10-at-07.59.41.jpeg 839w, https:\/\/eldiariodesanpedro.com.ar\/sitio\/wp-content\/uploads\/2023\/05\/WhatsApp-Image-2023-05-10-at-07.59.41-300x225.jpeg 300w, https:\/\/eldiariodesanpedro.com.ar\/sitio\/wp-content\/uploads\/2023\/05\/WhatsApp-Image-2023-05-10-at-07.59.41-768x577.jpeg 768w, https:\/\/eldiariodesanpedro.com.ar\/sitio\/wp-content\/uploads\/2023\/05\/WhatsApp-Image-2023-05-10-at-07.59.41-272x204.jpeg 272w\" data-sizes=\"(max-width: 839px) 100vw, 839px\" src=\"data:image\/svg+xml;base64,PHN2ZyB3aWR0aD0iMSIgaGVpZ2h0PSIxIiB4bWxucz0iaHR0cDovL3d3dy53My5vcmcvMjAwMC9zdmciPjwvc3ZnPg==\" style=\"--smush-placeholder-width: 839px; --smush-placeholder-aspect-ratio: 839\/630;\" \/><\/figure>\n","protected":false},"excerpt":{"rendered":"<p>Un cami\u00f3n cargado con Ecobotellas parti\u00f3 ayer desde la Escuela Secundaria 11, punto verde en donde se encuentran los contenedores para la recolecci\u00f3n. Las Ecobotellas aportadas por vecinos de San Pedro y las localidades del partido est\u00e1n destinadas a la fundaci\u00f3n \u00abBotellas de Amor\u00bb para la creaci\u00f3n de placas y ladrillos con los que construir [&hellip;]<\/p>\n","protected":false},"author":4,"featured_media":118000,"comment_status":"closed","ping_status":"closed","sticky":false,"template":"","format":"standard","meta":{"om_disable_all_campaigns":false,"_jetpack_memberships_contains_paid_content":false,"footnotes":""},"categories":[101,2],"tags":[197,4051,4046,4053,4049,696,4047,4052,4048,3607,19,4050],"class_list":["post-117999","post","type-post","status-publish","format-standard","has-post-thumbnail","hentry","category-interes-general-locales","category-locales","tag-buenos-aires","tag-construccion-sustentable","tag-ecobotellas","tag-educacion-ambiental","tag-fundacion-botellas-de-amor","tag-interes-general","tag-medio-ambiente","tag-plasticos-de-un-solo-uso","tag-reciclaje","tag-recoleccion","tag-san-pedro","tag-sustentabilidad"],"aioseo_notices":[],"gutentor_comment":0,"jetpack_featured_media_url":"https:\/\/eldiariodesanpedro.com.ar\/sitio\/wp-content\/uploads\/2023\/05\/WhatsApp-Image-2023-05-10-at-07.59.29-1.jpeg","jetpack_shortlink":"https:\/\/wp.me\/p6RhLt-uHd","jetpack_sharing_enabled":true,"_links":{"self":[{"href":"https:\/\/eldiariodesanpedro.com.ar\/sitio\/wp-json\/wp\/v2\/posts\/117999","targetHints":{"allow":["GET"]}}],"collection":[{"href":"https:\/\/eldiariodesanpedro.com.ar\/sitio\/wp-json\/wp\/v2\/posts"}],"about":[{"href":"https:\/\/eldiariodesanpedro.com.ar\/sitio\/wp-json\/wp\/v2\/types\/post"}],"author":[{"embeddable":true,"href":"https:\/\/eldiariodesanpedro.com.ar\/sitio\/wp-json\/wp\/v2\/users\/4"}],"replies":[{"embeddable":true,"href":"https:\/\/eldiariodesanpedro.com.ar\/sitio\/wp-json\/wp\/v2\/comments?post=117999"}],"version-history":[{"count":1,"href":"https:\/\/eldiariodesanpedro.com.ar\/sitio\/wp-json\/wp\/v2\/posts\/117999\/revisions"}],"predecessor-version":[{"id":118003,"href":"https:\/\/eldiariodesanpedro.com.ar\/sitio\/wp-json\/wp\/v2\/posts\/117999\/revisions\/118003"}],"wp:featuredmedia":[{"embeddable":true,"href":"https:\/\/eldiariodesanpedro.com.ar\/sitio\/wp-json\/wp\/v2\/media\/118000"}],"wp:attachment":[{"href":"https:\/\/eldiariodesanpedro.com.ar\/sitio\/wp-json\/wp\/v2\/media?parent=117999"}],"wp:term":[{"taxonomy":"category","embeddable":true,"href":"https:\/\/eldiariodesanpedro.com.ar\/sitio\/wp-json\/wp\/v2\/categories?post=117999"},{"taxonomy":"post_tag","embeddable":true,"href":"https:\/\/eldiariodesanpedro.com.ar\/sitio\/wp-json\/wp\/v2\/tags?post=117999"}],"curies":[{"name":"wp","href":"https:\/\/api.w.org\/{rel}","templated":true}]}}