{"id":117991,"date":"2023-05-10T12:31:47","date_gmt":"2023-05-10T15:31:47","guid":{"rendered":"https:\/\/eldiariodesanpedro.com.ar\/sitio\/?p=117991"},"modified":"2023-05-10T12:31:49","modified_gmt":"2023-05-10T15:31:49","slug":"ciclista-colisionado-por-un-automovil-en-zona-centrica","status":"publish","type":"post","link":"https:\/\/eldiariodesanpedro.com.ar\/sitio\/ciclista-colisionado-por-un-automovil-en-zona-centrica\/","title":{"rendered":"Ciclista colisionado por un autom\u00f3vil en zona c\u00e9ntrica"},"content":{"rendered":"<!-- VideographyWP Plugin Message: Automatic video embedding prevented by plugin options. -->\n\n<p>En la ma\u00f1ana de este mi\u00e9rcoles, se registr\u00f3 un accidente de tr\u00e1nsito de car\u00e1cter leve en la intersecci\u00f3n de las calles Belgrano y Balcarse. Un autom\u00f3vil Ford Fiesta de color negro, conducido por una mujer, colision\u00f3 con un ciclista de edad avanzada.<\/p>\n\n\n\n<p>Afortunadamente, el impacto no revisti\u00f3 gravedad y el ciclista result\u00f3 ileso, no requiriendo la intervenci\u00f3n de la ambulancia del nosocomio local. Sin embargo, la bicicleta sufri\u00f3 da\u00f1os al quedar atrapada debajo del veh\u00edculo.<\/p>\n\n\n\n<p>Las autoridades correspondientes acudieron al lugar para tomar las medidas necesarias y facilitar la circulaci\u00f3n en la zona. Los detalles adicionales del accidente no han sido proporcionados.<\/p>\n\n\n\n<p>#AccidenteDeTr\u00e1nsito #Ciclista #Autom\u00f3vil #SeguridadVial #Belgrano #Balcarse<\/p>\n\n\n\n<figure class=\"wp-block-image size-large\"><img decoding=\"async\" width=\"1024\" height=\"497\" data-attachment-id=\"117992\" data-permalink=\"https:\/\/eldiariodesanpedro.com.ar\/sitio\/ciclista-colisionado-por-un-automovil-en-zona-centrica\/imagen-de-whatsapp-2023-05-10-a-las-12-17-42\/\" data-orig-file=\"https:\/\/eldiariodesanpedro.com.ar\/sitio\/wp-content\/uploads\/2023\/05\/Imagen-de-WhatsApp-2023-05-10-a-las-12.17.42.jpg\" data-orig-size=\"1200,583\" data-comments-opened=\"0\" data-image-meta=\"{&quot;aperture&quot;:&quot;0&quot;,&quot;credit&quot;:&quot;&quot;,&quot;camera&quot;:&quot;&quot;,&quot;caption&quot;:&quot;&quot;,&quot;created_timestamp&quot;:&quot;0&quot;,&quot;copyright&quot;:&quot;&quot;,&quot;focal_length&quot;:&quot;0&quot;,&quot;iso&quot;:&quot;0&quot;,&quot;shutter_speed&quot;:&quot;0&quot;,&quot;title&quot;:&quot;&quot;,&quot;orientation&quot;:&quot;0&quot;}\" data-image-title=\"Imagen de WhatsApp 2023-05-10 a las 12.17.42\" data-image-description=\"\" data-image-caption=\"\" data-large-file=\"https:\/\/eldiariodesanpedro.com.ar\/sitio\/wp-content\/uploads\/2023\/05\/Imagen-de-WhatsApp-2023-05-10-a-las-12.17.42-1024x497.jpg\" data-src=\"https:\/\/eldiariodesanpedro.com.ar\/sitio\/wp-content\/uploads\/2023\/05\/Imagen-de-WhatsApp-2023-05-10-a-las-12.17.42-1024x497.jpg\" alt=\"\" class=\"wp-image-117992 lazyload\" data-srcset=\"https:\/\/eldiariodesanpedro.com.ar\/sitio\/wp-content\/uploads\/2023\/05\/Imagen-de-WhatsApp-2023-05-10-a-las-12.17.42-1024x497.jpg 1024w, https:\/\/eldiariodesanpedro.com.ar\/sitio\/wp-content\/uploads\/2023\/05\/Imagen-de-WhatsApp-2023-05-10-a-las-12.17.42-300x146.jpg 300w, https:\/\/eldiariodesanpedro.com.ar\/sitio\/wp-content\/uploads\/2023\/05\/Imagen-de-WhatsApp-2023-05-10-a-las-12.17.42-768x373.jpg 768w, https:\/\/eldiariodesanpedro.com.ar\/sitio\/wp-content\/uploads\/2023\/05\/Imagen-de-WhatsApp-2023-05-10-a-las-12.17.42.jpg 1200w\" data-sizes=\"(max-width: 1024px) 100vw, 1024px\" src=\"data:image\/svg+xml;base64,PHN2ZyB3aWR0aD0iMSIgaGVpZ2h0PSIxIiB4bWxucz0iaHR0cDovL3d3dy53My5vcmcvMjAwMC9zdmciPjwvc3ZnPg==\" style=\"--smush-placeholder-width: 1024px; --smush-placeholder-aspect-ratio: 1024\/497;\" \/><\/figure>\n","protected":false},"excerpt":{"rendered":"<p>En la ma\u00f1ana de este mi\u00e9rcoles, se registr\u00f3 un accidente de tr\u00e1nsito de car\u00e1cter leve en la intersecci\u00f3n de las calles Belgrano y Balcarse. Un autom\u00f3vil Ford Fiesta de color negro, conducido por una mujer, colision\u00f3 con un ciclista de edad avanzada. Afortunadamente, el impacto no revisti\u00f3 gravedad y el ciclista result\u00f3 ileso, no requiriendo [&hellip;]<\/p>\n","protected":false},"author":4,"featured_media":117993,"comment_status":"closed","ping_status":"closed","sticky":false,"template":"","format":"standard","meta":{"om_disable_all_campaigns":false,"_jetpack_memberships_contains_paid_content":false,"footnotes":""},"categories":[50,2,103],"tags":[3612,3624,4032,4031,4030,696,95,2761],"class_list":["post-117991","post","type-post","status-publish","format-standard","has-post-thumbnail","hentry","category-destacadas","category-locales","category-policiales-locales","tag-accidente-de-transito-2","tag-automovil-2","tag-balcarse","tag-belgrano","tag-ciclista","tag-interes-general","tag-policiales","tag-seguridad-vial"],"aioseo_notices":[],"gutentor_comment":0,"jetpack_featured_media_url":"https:\/\/eldiariodesanpedro.com.ar\/sitio\/wp-content\/uploads\/2023\/05\/Imagen-de-WhatsApp-2023-05-10-a-las-12.17.43.jpg","jetpack_shortlink":"https:\/\/wp.me\/p6RhLt-uH5","jetpack_sharing_enabled":true,"_links":{"self":[{"href":"https:\/\/eldiariodesanpedro.com.ar\/sitio\/wp-json\/wp\/v2\/posts\/117991","targetHints":{"allow":["GET"]}}],"collection":[{"href":"https:\/\/eldiariodesanpedro.com.ar\/sitio\/wp-json\/wp\/v2\/posts"}],"about":[{"href":"https:\/\/eldiariodesanpedro.com.ar\/sitio\/wp-json\/wp\/v2\/types\/post"}],"author":[{"embeddable":true,"href":"https:\/\/eldiariodesanpedro.com.ar\/sitio\/wp-json\/wp\/v2\/users\/4"}],"replies":[{"embeddable":true,"href":"https:\/\/eldiariodesanpedro.com.ar\/sitio\/wp-json\/wp\/v2\/comments?post=117991"}],"version-history":[{"count":1,"href":"https:\/\/eldiariodesanpedro.com.ar\/sitio\/wp-json\/wp\/v2\/posts\/117991\/revisions"}],"predecessor-version":[{"id":117994,"href":"https:\/\/eldiariodesanpedro.com.ar\/sitio\/wp-json\/wp\/v2\/posts\/117991\/revisions\/117994"}],"wp:featuredmedia":[{"embeddable":true,"href":"https:\/\/eldiariodesanpedro.com.ar\/sitio\/wp-json\/wp\/v2\/media\/117993"}],"wp:attachment":[{"href":"https:\/\/eldiariodesanpedro.com.ar\/sitio\/wp-json\/wp\/v2\/media?parent=117991"}],"wp:term":[{"taxonomy":"category","embeddable":true,"href":"https:\/\/eldiariodesanpedro.com.ar\/sitio\/wp-json\/wp\/v2\/categories?post=117991"},{"taxonomy":"post_tag","embeddable":true,"href":"https:\/\/eldiariodesanpedro.com.ar\/sitio\/wp-json\/wp\/v2\/tags?post=117991"}],"curies":[{"name":"wp","href":"https:\/\/api.w.org\/{rel}","templated":true}]}}