{"id":117967,"date":"2023-05-09T14:20:16","date_gmt":"2023-05-09T17:20:16","guid":{"rendered":"https:\/\/eldiariodesanpedro.com.ar\/sitio\/?p=117967"},"modified":"2023-05-09T14:20:17","modified_gmt":"2023-05-09T17:20:17","slug":"edicto-de-sucesion-de-nestor-arturo-cardoso","status":"publish","type":"post","link":"https:\/\/eldiariodesanpedro.com.ar\/sitio\/edicto-de-sucesion-de-nestor-arturo-cardoso\/","title":{"rendered":"Edicto de Sucesi\u00f3n de Nestor Arturo Cardoso"},"content":{"rendered":"<!-- VideographyWP Plugin Message: Automatic video embedding prevented by plugin options. -->\n\n<p>El Juzgado de Paz de Baradero, Secretar\u00eda \u00danica, Dpto. Judicial de San Nicol\u00e1s, cita y emplaza por treinta d\u00edas a herederos y acreedores de: Don <strong>Nestor Arturo Cardoso<\/strong> para que se presenten a hacer valer sus derechos.- Baradero, 08 de mayo de 2023.-<\/p>\n\n\n\n<p>ESTEBAN OMAR PERUSINA\u00a0<br>ABOGADO SECRETARIO<\/p>\n\n\n\n<p>(Publicaci\u00f3n V\u00e1lida por el d\u00eda 09, 10 y 11 de mayo de 2023)<br><a href=\"https:\/\/notificaciones.scba.gov.ar\/verificarnotificacion.aspx?codNotif=WQ2EY1\">https:\/\/notificaciones.scba.gov.ar\/verificarnotificacion.aspx?codNotif=WQ2EY1<\/a><\/p>\n","protected":false},"excerpt":{"rendered":"<p>El Juzgado de Paz de Baradero, Secretar\u00eda \u00danica, Dpto. Judicial de San Nicol\u00e1s, cita y emplaza por treinta d\u00edas a herederos y acreedores de: Don Nestor Arturo Cardoso para que se presenten a hacer valer sus derechos.- Baradero, 08 de mayo de 2023.- ESTEBAN OMAR PERUSINA\u00a0ABOGADO SECRETARIO (Publicaci\u00f3n V\u00e1lida por el d\u00eda 09, 10 y [&hellip;]<\/p>\n","protected":false},"author":4,"featured_media":102746,"comment_status":"closed","ping_status":"closed","sticky":false,"template":"","format":"standard","meta":{"om_disable_all_campaigns":false,"_jetpack_memberships_contains_paid_content":false,"footnotes":""},"categories":[676,677],"tags":[1121,4013,19,1122],"class_list":["post-117967","post","type-post","status-publish","format-standard","has-post-thumbnail","hentry","category-edictos","category-edictos-sucesorios","tag-edicto","tag-edicto-de-sucesion-de-nestor-arturo-cardoso","tag-san-pedro","tag-sucesion"],"aioseo_notices":[],"gutentor_comment":0,"jetpack_featured_media_url":"https:\/\/eldiariodesanpedro.com.ar\/sitio\/wp-content\/uploads\/2022\/01\/EDICTO.jpg","jetpack_shortlink":"https:\/\/wp.me\/p6RhLt-uGH","jetpack_sharing_enabled":true,"_links":{"self":[{"href":"https:\/\/eldiariodesanpedro.com.ar\/sitio\/wp-json\/wp\/v2\/posts\/117967","targetHints":{"allow":["GET"]}}],"collection":[{"href":"https:\/\/eldiariodesanpedro.com.ar\/sitio\/wp-json\/wp\/v2\/posts"}],"about":[{"href":"https:\/\/eldiariodesanpedro.com.ar\/sitio\/wp-json\/wp\/v2\/types\/post"}],"author":[{"embeddable":true,"href":"https:\/\/eldiariodesanpedro.com.ar\/sitio\/wp-json\/wp\/v2\/users\/4"}],"replies":[{"embeddable":true,"href":"https:\/\/eldiariodesanpedro.com.ar\/sitio\/wp-json\/wp\/v2\/comments?post=117967"}],"version-history":[{"count":1,"href":"https:\/\/eldiariodesanpedro.com.ar\/sitio\/wp-json\/wp\/v2\/posts\/117967\/revisions"}],"predecessor-version":[{"id":117968,"href":"https:\/\/eldiariodesanpedro.com.ar\/sitio\/wp-json\/wp\/v2\/posts\/117967\/revisions\/117968"}],"wp:featuredmedia":[{"embeddable":true,"href":"https:\/\/eldiariodesanpedro.com.ar\/sitio\/wp-json\/wp\/v2\/media\/102746"}],"wp:attachment":[{"href":"https:\/\/eldiariodesanpedro.com.ar\/sitio\/wp-json\/wp\/v2\/media?parent=117967"}],"wp:term":[{"taxonomy":"category","embeddable":true,"href":"https:\/\/eldiariodesanpedro.com.ar\/sitio\/wp-json\/wp\/v2\/categories?post=117967"},{"taxonomy":"post_tag","embeddable":true,"href":"https:\/\/eldiariodesanpedro.com.ar\/sitio\/wp-json\/wp\/v2\/tags?post=117967"}],"curies":[{"name":"wp","href":"https:\/\/api.w.org\/{rel}","templated":true}]}}