{"id":117960,"date":"2023-05-09T13:46:19","date_gmt":"2023-05-09T16:46:19","guid":{"rendered":"https:\/\/eldiariodesanpedro.com.ar\/sitio\/?p=117960"},"modified":"2023-05-09T13:47:39","modified_gmt":"2023-05-09T16:47:39","slug":"mercados-bonaerenses-y-frutos-de-la-tierra-y-el-rio-en-plaza-constitucion-este-sabado-13-de-mayo","status":"publish","type":"post","link":"https:\/\/eldiariodesanpedro.com.ar\/sitio\/mercados-bonaerenses-y-frutos-de-la-tierra-y-el-rio-en-plaza-constitucion-este-sabado-13-de-mayo\/","title":{"rendered":"Mercados Bonaerenses y Frutos de la Tierra y el R\u00edo en Plaza Constituci\u00f3n este s\u00e1bado 13 de mayo"},"content":{"rendered":"<!-- VideographyWP Plugin Message: Automatic video embedding prevented by plugin options. -->\n\n<p>La Municipalidad de San Pedro informa que se llevar\u00e1 a cabo una nueva edici\u00f3n conjunta de \u00abMercados Bonaerenses\u00bb y la feria \u00abFrutos de la Tierra y el R\u00edo\u00bb este s\u00e1bado 13 de mayo en la Plaza Constituci\u00f3n (Hip\u00f3lito Yrigoyen entre Pellegrini y Mitre) desde las 10:00 hasta las 18:00 horas.<\/p>\n\n\n\n<p>As\u00ed como \u00abFrutos de la Tierra y el R\u00edo\u00bb logr\u00f3 generar un espacio con venta, promoci\u00f3n y desarrollo de actividades relacionadas con sus productores, \u00abMercados Bonaerenses\u201d, lanzada por el Ministerio de Desarrollo Agrario en toda la provincia, que en San Pedro cuenta con la coordinaci\u00f3n de la Secretar\u00eda de Desarrollo Econ\u00f3mico, es un \u00e1mbito ideal para promover el desarrollo de canales alternativos de comercializaci\u00f3n, garantizar a los vecinos y las vecinas de San Pedro el acceso a una oferta variada de alimentos e impulsar la producci\u00f3n de nuestra ciudad, creando una red a nivel local, regional y provincial.<\/p>\n\n\n\n<p>La feria contar\u00e1 con la participaci\u00f3n del cami\u00f3n de pescados perteneciente al programa Mercados Bonaerenses que aceptar\u00e1 pagos y descuentos con cuenta DNI y BNA. Adem\u00e1s, se ofrecer\u00e1 una gran variedad de productos locales como frutas y verduras agroecol\u00f3gicas, pastas frescas, huevos, conservas, dulces artesanales, miel org\u00e1nica, entre otros, brindando una excelente oportunidad para que los vecinos y vecinas de San Pedro obtengan productos a precios&nbsp;accesibles.<\/p>\n\n\n\n<figure class=\"wp-block-image size-full\"><img decoding=\"async\" width=\"752\" height=\"630\" data-attachment-id=\"117963\" data-permalink=\"https:\/\/eldiariodesanpedro.com.ar\/sitio\/mercados-bonaerenses-y-frutos-de-la-tierra-y-el-rio-en-plaza-constitucion-este-sabado-13-de-mayo\/imagen-de-whatsapp-2023-05-09-a-las-13-03-49\/\" data-orig-file=\"https:\/\/eldiariodesanpedro.com.ar\/sitio\/wp-content\/uploads\/2023\/05\/Imagen-de-WhatsApp-2023-05-09-a-las-13.03.49.jpg\" data-orig-size=\"752,630\" data-comments-opened=\"0\" data-image-meta=\"{&quot;aperture&quot;:&quot;0&quot;,&quot;credit&quot;:&quot;&quot;,&quot;camera&quot;:&quot;&quot;,&quot;caption&quot;:&quot;&quot;,&quot;created_timestamp&quot;:&quot;0&quot;,&quot;copyright&quot;:&quot;&quot;,&quot;focal_length&quot;:&quot;0&quot;,&quot;iso&quot;:&quot;0&quot;,&quot;shutter_speed&quot;:&quot;0&quot;,&quot;title&quot;:&quot;&quot;,&quot;orientation&quot;:&quot;0&quot;}\" data-image-title=\"Imagen-de-WhatsApp-2023-05-09-a-las-13.03.49\" data-image-description=\"\" data-image-caption=\"\" data-large-file=\"https:\/\/eldiariodesanpedro.com.ar\/sitio\/wp-content\/uploads\/2023\/05\/Imagen-de-WhatsApp-2023-05-09-a-las-13.03.49.jpg\" data-src=\"https:\/\/eldiariodesanpedro.com.ar\/sitio\/wp-content\/uploads\/2023\/05\/Imagen-de-WhatsApp-2023-05-09-a-las-13.03.49.jpg\" alt=\"\" class=\"wp-image-117963 lazyload\" data-srcset=\"https:\/\/eldiariodesanpedro.com.ar\/sitio\/wp-content\/uploads\/2023\/05\/Imagen-de-WhatsApp-2023-05-09-a-las-13.03.49.jpg 752w, https:\/\/eldiariodesanpedro.com.ar\/sitio\/wp-content\/uploads\/2023\/05\/Imagen-de-WhatsApp-2023-05-09-a-las-13.03.49-300x251.jpg 300w\" data-sizes=\"(max-width: 752px) 100vw, 752px\" src=\"data:image\/svg+xml;base64,PHN2ZyB3aWR0aD0iMSIgaGVpZ2h0PSIxIiB4bWxucz0iaHR0cDovL3d3dy53My5vcmcvMjAwMC9zdmciPjwvc3ZnPg==\" style=\"--smush-placeholder-width: 752px; --smush-placeholder-aspect-ratio: 752\/630;\" \/><\/figure>\n","protected":false},"excerpt":{"rendered":"<p>La Municipalidad de San Pedro informa que se llevar\u00e1 a cabo una nueva edici\u00f3n conjunta de \u00abMercados Bonaerenses\u00bb y la feria \u00abFrutos de la Tierra y el R\u00edo\u00bb este s\u00e1bado 13 de mayo en la Plaza Constituci\u00f3n (Hip\u00f3lito Yrigoyen entre Pellegrini y Mitre) desde las 10:00 hasta las 18:00 horas. As\u00ed como \u00abFrutos de la [&hellip;]<\/p>\n","protected":false},"author":4,"featured_media":117961,"comment_status":"closed","ping_status":"closed","sticky":false,"template":"","format":"standard","meta":{"om_disable_all_campaigns":false,"_jetpack_memberships_contains_paid_content":false,"footnotes":""},"categories":[101,2],"tags":[197,696,33,19],"class_list":["post-117960","post","type-post","status-publish","format-standard","has-post-thumbnail","hentry","category-interes-general-locales","category-locales","tag-buenos-aires","tag-interes-general","tag-locales","tag-san-pedro"],"aioseo_notices":[],"gutentor_comment":0,"jetpack_featured_media_url":"https:\/\/eldiariodesanpedro.com.ar\/sitio\/wp-content\/uploads\/2023\/05\/335316824_1414141199343450_1986813871663335865_n.jpg","jetpack_shortlink":"https:\/\/wp.me\/p6RhLt-uGA","jetpack_sharing_enabled":true,"_links":{"self":[{"href":"https:\/\/eldiariodesanpedro.com.ar\/sitio\/wp-json\/wp\/v2\/posts\/117960","targetHints":{"allow":["GET"]}}],"collection":[{"href":"https:\/\/eldiariodesanpedro.com.ar\/sitio\/wp-json\/wp\/v2\/posts"}],"about":[{"href":"https:\/\/eldiariodesanpedro.com.ar\/sitio\/wp-json\/wp\/v2\/types\/post"}],"author":[{"embeddable":true,"href":"https:\/\/eldiariodesanpedro.com.ar\/sitio\/wp-json\/wp\/v2\/users\/4"}],"replies":[{"embeddable":true,"href":"https:\/\/eldiariodesanpedro.com.ar\/sitio\/wp-json\/wp\/v2\/comments?post=117960"}],"version-history":[{"count":2,"href":"https:\/\/eldiariodesanpedro.com.ar\/sitio\/wp-json\/wp\/v2\/posts\/117960\/revisions"}],"predecessor-version":[{"id":117964,"href":"https:\/\/eldiariodesanpedro.com.ar\/sitio\/wp-json\/wp\/v2\/posts\/117960\/revisions\/117964"}],"wp:featuredmedia":[{"embeddable":true,"href":"https:\/\/eldiariodesanpedro.com.ar\/sitio\/wp-json\/wp\/v2\/media\/117961"}],"wp:attachment":[{"href":"https:\/\/eldiariodesanpedro.com.ar\/sitio\/wp-json\/wp\/v2\/media?parent=117960"}],"wp:term":[{"taxonomy":"category","embeddable":true,"href":"https:\/\/eldiariodesanpedro.com.ar\/sitio\/wp-json\/wp\/v2\/categories?post=117960"},{"taxonomy":"post_tag","embeddable":true,"href":"https:\/\/eldiariodesanpedro.com.ar\/sitio\/wp-json\/wp\/v2\/tags?post=117960"}],"curies":[{"name":"wp","href":"https:\/\/api.w.org\/{rel}","templated":true}]}}