{"id":117956,"date":"2023-05-09T13:33:44","date_gmt":"2023-05-09T16:33:44","guid":{"rendered":"https:\/\/eldiariodesanpedro.com.ar\/sitio\/?p=117956"},"modified":"2023-05-09T13:33:46","modified_gmt":"2023-05-09T16:33:46","slug":"denuncia-a-traves-de-facebook-de-maltrato-de-animales-y-un-basural","status":"publish","type":"post","link":"https:\/\/eldiariodesanpedro.com.ar\/sitio\/denuncia-a-traves-de-facebook-de-maltrato-de-animales-y-un-basural\/","title":{"rendered":"Denuncia a traves de facebook de maltrato de animales y un basural"},"content":{"rendered":"<!-- VideographyWP Plugin Message: Automatic video embedding prevented by plugin options. -->\n\n<p>Una joven residente de nuestra ciudad ha utilizado las redes sociales para denunciar una situaci\u00f3n de preocupaci\u00f3n en su cuadra. La denunciante, identificada como Martina, ha publicado en su perfil de Facebook que en la zona de Maestro Reyna y Hip\u00f3lito Irigoyen, hay perros en mal estado y una gran cantidad de mugre que puede ser perjudicial para la salud.<\/p>\n\n\n\n<p>Martina explica que los perros de un vecino en particular est\u00e1n en un estado de abandono, con pulgas y muy delgados, y que salen a morder a la gente que pasa por la zona. Ella misma ha sufrido un accidente de moto debido a la presencia de los animales y su abuela tambi\u00e9n ha sido mordida.<\/p>\n\n\n\n<p>Adem\u00e1s, la joven denunciante se queja de que el due\u00f1o de los perros es maleducado cuando se le habla del tema y que la suciedad en la zona es insoportable. Incluso, cuando las calles se arreglan, el vecino hace zanjas que impiden el paso incluso de cochecitos infantiles.<\/p>\n\n\n\n<p>Marti ha compartido esta denuncia en las redes sociales con el objetivo de llamar la atenci\u00f3n de las autoridades competentes y solucionar este problema. Tambi\u00e9n ha preguntado si alguien m\u00e1s ha sido mordido por los perros de la zona para poder tomar medidas al respecto.<\/p>\n\n\n\n<p><em>\u00abLa verdad que voy a compartir esto por este medio porque es bastante cansador tener que lidiar con \u00bb vecinos \u00bb bastantes mal educados, en las calles Maestro Reyna y Hip\u00f3lito Irigoyen es imposible pasar, por la cantidad de perros sueltos, llenos de pulgas y flacos (la mayor\u00eda) Que te salen a morder, as\u00ed sea vas caminando en bicicleta o moto.<br>Hace poco los mismos perros de esa persona \u00abx\u00bb me hicieron caer de la moto, a mi abuela tambi\u00e9n la mordieron.<br>Y cuando vos le dec\u00eds algo al due\u00f1o de esos perros es totalmente un maleducado.<br>Y ni hablar de la mugre que hay. Cuando arreglan las calles, apenas terminan de pasar la m\u00e1quina el va y hace zanjas para abajo. Ni siquiera con un cochecito infantil se puede pasar.<br>Pero quer\u00eda saber si a alguien m\u00e1s alguno de los perros de esa zona lo mordi\u00f3 para poder tomar cartas en el asunto.\u00bb<\/em><\/p>\n\n\n\n<figure class=\"wp-block-image size-full\"><img decoding=\"async\" width=\"739\" height=\"630\" data-attachment-id=\"117957\" data-permalink=\"https:\/\/eldiariodesanpedro.com.ar\/sitio\/denuncia-a-traves-de-facebook-de-maltrato-de-animales-y-un-basural\/1-270\/\" data-orig-file=\"https:\/\/eldiariodesanpedro.com.ar\/sitio\/wp-content\/uploads\/2023\/05\/1.png\" data-orig-size=\"739,630\" data-comments-opened=\"0\" data-image-meta=\"{&quot;aperture&quot;:&quot;0&quot;,&quot;credit&quot;:&quot;&quot;,&quot;camera&quot;:&quot;&quot;,&quot;caption&quot;:&quot;&quot;,&quot;created_timestamp&quot;:&quot;0&quot;,&quot;copyright&quot;:&quot;&quot;,&quot;focal_length&quot;:&quot;0&quot;,&quot;iso&quot;:&quot;0&quot;,&quot;shutter_speed&quot;:&quot;0&quot;,&quot;title&quot;:&quot;&quot;,&quot;orientation&quot;:&quot;0&quot;}\" data-image-title=\"1\" data-image-description=\"\" data-image-caption=\"\" data-large-file=\"https:\/\/eldiariodesanpedro.com.ar\/sitio\/wp-content\/uploads\/2023\/05\/1.png\" data-src=\"https:\/\/eldiariodesanpedro.com.ar\/sitio\/wp-content\/uploads\/2023\/05\/1.png\" alt=\"\" class=\"wp-image-117957 lazyload\" data-srcset=\"https:\/\/eldiariodesanpedro.com.ar\/sitio\/wp-content\/uploads\/2023\/05\/1.png 739w, https:\/\/eldiariodesanpedro.com.ar\/sitio\/wp-content\/uploads\/2023\/05\/1-300x256.png 300w\" data-sizes=\"(max-width: 739px) 100vw, 739px\" src=\"data:image\/svg+xml;base64,PHN2ZyB3aWR0aD0iMSIgaGVpZ2h0PSIxIiB4bWxucz0iaHR0cDovL3d3dy53My5vcmcvMjAwMC9zdmciPjwvc3ZnPg==\" style=\"--smush-placeholder-width: 739px; --smush-placeholder-aspect-ratio: 739\/630;\" \/><\/figure>\n","protected":false},"excerpt":{"rendered":"<p>Una joven residente de nuestra ciudad ha utilizado las redes sociales para denunciar una situaci\u00f3n de preocupaci\u00f3n en su cuadra. La denunciante, identificada como Martina, ha publicado en su perfil de Facebook que en la zona de Maestro Reyna y Hip\u00f3lito Irigoyen, hay perros en mal estado y una gran cantidad de mugre que puede [&hellip;]<\/p>\n","protected":false},"author":4,"featured_media":117958,"comment_status":"closed","ping_status":"closed","sticky":false,"template":"","format":"standard","meta":{"om_disable_all_campaigns":false,"_jetpack_memberships_contains_paid_content":false,"footnotes":""},"categories":[101,2],"tags":[197,33,19],"class_list":["post-117956","post","type-post","status-publish","format-standard","has-post-thumbnail","hentry","category-interes-general-locales","category-locales","tag-buenos-aires","tag-locales","tag-san-pedro"],"aioseo_notices":[],"gutentor_comment":0,"jetpack_featured_media_url":"https:\/\/eldiariodesanpedro.com.ar\/sitio\/wp-content\/uploads\/2023\/05\/medida-14.png","jetpack_shortlink":"https:\/\/wp.me\/p6RhLt-uGw","jetpack_sharing_enabled":true,"_links":{"self":[{"href":"https:\/\/eldiariodesanpedro.com.ar\/sitio\/wp-json\/wp\/v2\/posts\/117956","targetHints":{"allow":["GET"]}}],"collection":[{"href":"https:\/\/eldiariodesanpedro.com.ar\/sitio\/wp-json\/wp\/v2\/posts"}],"about":[{"href":"https:\/\/eldiariodesanpedro.com.ar\/sitio\/wp-json\/wp\/v2\/types\/post"}],"author":[{"embeddable":true,"href":"https:\/\/eldiariodesanpedro.com.ar\/sitio\/wp-json\/wp\/v2\/users\/4"}],"replies":[{"embeddable":true,"href":"https:\/\/eldiariodesanpedro.com.ar\/sitio\/wp-json\/wp\/v2\/comments?post=117956"}],"version-history":[{"count":1,"href":"https:\/\/eldiariodesanpedro.com.ar\/sitio\/wp-json\/wp\/v2\/posts\/117956\/revisions"}],"predecessor-version":[{"id":117959,"href":"https:\/\/eldiariodesanpedro.com.ar\/sitio\/wp-json\/wp\/v2\/posts\/117956\/revisions\/117959"}],"wp:featuredmedia":[{"embeddable":true,"href":"https:\/\/eldiariodesanpedro.com.ar\/sitio\/wp-json\/wp\/v2\/media\/117958"}],"wp:attachment":[{"href":"https:\/\/eldiariodesanpedro.com.ar\/sitio\/wp-json\/wp\/v2\/media?parent=117956"}],"wp:term":[{"taxonomy":"category","embeddable":true,"href":"https:\/\/eldiariodesanpedro.com.ar\/sitio\/wp-json\/wp\/v2\/categories?post=117956"},{"taxonomy":"post_tag","embeddable":true,"href":"https:\/\/eldiariodesanpedro.com.ar\/sitio\/wp-json\/wp\/v2\/tags?post=117956"}],"curies":[{"name":"wp","href":"https:\/\/api.w.org\/{rel}","templated":true}]}}