{"id":117951,"date":"2023-05-09T11:49:19","date_gmt":"2023-05-09T14:49:19","guid":{"rendered":"https:\/\/eldiariodesanpedro.com.ar\/sitio\/?p=117951"},"modified":"2023-05-09T11:49:21","modified_gmt":"2023-05-09T14:49:21","slug":"monitoreo-del-proyecto-tejiendo-redes-con-la-tic","status":"publish","type":"post","link":"https:\/\/eldiariodesanpedro.com.ar\/sitio\/monitoreo-del-proyecto-tejiendo-redes-con-la-tic\/","title":{"rendered":"Monitoreo del proyecto \u201cTejiendo Redes con la TIC\u201d"},"content":{"rendered":"<!-- VideographyWP Plugin Message: Automatic video embedding prevented by plugin options. -->\n\n<p>Este lunes, la Secretar\u00eda de Desarrollo Humano recibi\u00f3 la visita del equipo de la Direcci\u00f3n de Promoci\u00f3n y Protecci\u00f3n Integral de la SENAF, quienes vinieron a realizar el monitoreo del proyecto \u201cTejiendo Redes con la TIC\u201d que consistente en la construcci\u00f3n y equipamiento de una sala de computaci\u00f3n, que funcionar\u00e1 en Mateo Sbert 450 (SUM de las 49 viviendas). Que actualmente se encuentra funcionado, de modo alternativo hasta terminar la construcci\u00f3n, en el espacio del Programa Envi\u00f3n de Salta y Arnaldo. Concurriendo a las capacitaciones participantes de los Programas Envi\u00f3n, Autonom\u00eda Joven y Barrio Adentro.<\/p>\n\n\n\n<p>El proyecto busca acercar las TIC (Tecnolog\u00eda de la Informaci\u00f3n y la Comunicaci\u00f3n) a los adolescentes y j\u00f3venes, facilitando la adquisici\u00f3n de herramientas que promuevan su inserci\u00f3n laboral en un mercado de trabajo en constante evoluci\u00f3n, demandante de nuevas capacidades. Como as\u00ed tambi\u00e9n brindar recursos tecnol\u00f3gicos para la realizaci\u00f3n de las tareas escolares y los requerimientos de la vida diaria.<\/p>\n\n\n\n<p>Por la tarde, en el Club Independencia, se reunieron con representantes de los programas Envi\u00f3n, Autonom\u00eda Joven y Barrio Adentro con el fin de dise\u00f1ar estrategias comunes para el abordaje de problem\u00e1ticas de las adolescencias y las juventudes.<\/p>\n\n\n\n<p>Finalmente desarrollaron actividades con la participaci\u00f3n de participantes del Programa Envi\u00f3n, abordando tem\u00e1ticas como el uso responsable de la Redes Sociales, Grooming, Ciberbullying,&nbsp;entre&nbsp;otras.<\/p>\n\n\n\n<figure class=\"wp-block-image size-full\"><img decoding=\"async\" width=\"840\" height=\"630\" data-attachment-id=\"117953\" data-permalink=\"https:\/\/eldiariodesanpedro.com.ar\/sitio\/monitoreo-del-proyecto-tejiendo-redes-con-la-tic\/imagen-de-whatsapp-2023-05-09-a-las-11-14-56\/\" data-orig-file=\"https:\/\/eldiariodesanpedro.com.ar\/sitio\/wp-content\/uploads\/2023\/05\/Imagen-de-WhatsApp-2023-05-09-a-las-11.14.56.jpg\" data-orig-size=\"840,630\" data-comments-opened=\"0\" data-image-meta=\"{&quot;aperture&quot;:&quot;0&quot;,&quot;credit&quot;:&quot;&quot;,&quot;camera&quot;:&quot;&quot;,&quot;caption&quot;:&quot;&quot;,&quot;created_timestamp&quot;:&quot;0&quot;,&quot;copyright&quot;:&quot;&quot;,&quot;focal_length&quot;:&quot;0&quot;,&quot;iso&quot;:&quot;0&quot;,&quot;shutter_speed&quot;:&quot;0&quot;,&quot;title&quot;:&quot;&quot;,&quot;orientation&quot;:&quot;0&quot;}\" data-image-title=\"Imagen de WhatsApp 2023-05-09 a las 11.14.56\" data-image-description=\"\" data-image-caption=\"\" data-large-file=\"https:\/\/eldiariodesanpedro.com.ar\/sitio\/wp-content\/uploads\/2023\/05\/Imagen-de-WhatsApp-2023-05-09-a-las-11.14.56.jpg\" data-src=\"https:\/\/eldiariodesanpedro.com.ar\/sitio\/wp-content\/uploads\/2023\/05\/Imagen-de-WhatsApp-2023-05-09-a-las-11.14.56.jpg\" alt=\"\" class=\"wp-image-117953 lazyload\" data-srcset=\"https:\/\/eldiariodesanpedro.com.ar\/sitio\/wp-content\/uploads\/2023\/05\/Imagen-de-WhatsApp-2023-05-09-a-las-11.14.56.jpg 840w, https:\/\/eldiariodesanpedro.com.ar\/sitio\/wp-content\/uploads\/2023\/05\/Imagen-de-WhatsApp-2023-05-09-a-las-11.14.56-300x225.jpg 300w, https:\/\/eldiariodesanpedro.com.ar\/sitio\/wp-content\/uploads\/2023\/05\/Imagen-de-WhatsApp-2023-05-09-a-las-11.14.56-768x576.jpg 768w, https:\/\/eldiariodesanpedro.com.ar\/sitio\/wp-content\/uploads\/2023\/05\/Imagen-de-WhatsApp-2023-05-09-a-las-11.14.56-272x204.jpg 272w\" data-sizes=\"(max-width: 840px) 100vw, 840px\" src=\"data:image\/svg+xml;base64,PHN2ZyB3aWR0aD0iMSIgaGVpZ2h0PSIxIiB4bWxucz0iaHR0cDovL3d3dy53My5vcmcvMjAwMC9zdmciPjwvc3ZnPg==\" style=\"--smush-placeholder-width: 840px; --smush-placeholder-aspect-ratio: 840\/630;\" \/><\/figure>\n\n\n\n<figure class=\"wp-block-image size-full\"><img decoding=\"async\" width=\"840\" height=\"630\" data-attachment-id=\"117952\" data-permalink=\"https:\/\/eldiariodesanpedro.com.ar\/sitio\/monitoreo-del-proyecto-tejiendo-redes-con-la-tic\/imagen-de-whatsapp-2023-05-09-a-las-11-14-55\/\" data-orig-file=\"https:\/\/eldiariodesanpedro.com.ar\/sitio\/wp-content\/uploads\/2023\/05\/Imagen-de-WhatsApp-2023-05-09-a-las-11.14.55.jpg\" data-orig-size=\"840,630\" data-comments-opened=\"0\" data-image-meta=\"{&quot;aperture&quot;:&quot;0&quot;,&quot;credit&quot;:&quot;&quot;,&quot;camera&quot;:&quot;&quot;,&quot;caption&quot;:&quot;&quot;,&quot;created_timestamp&quot;:&quot;0&quot;,&quot;copyright&quot;:&quot;&quot;,&quot;focal_length&quot;:&quot;0&quot;,&quot;iso&quot;:&quot;0&quot;,&quot;shutter_speed&quot;:&quot;0&quot;,&quot;title&quot;:&quot;&quot;,&quot;orientation&quot;:&quot;0&quot;}\" data-image-title=\"Imagen de WhatsApp 2023-05-09 a las 11.14.55\" data-image-description=\"\" data-image-caption=\"\" data-large-file=\"https:\/\/eldiariodesanpedro.com.ar\/sitio\/wp-content\/uploads\/2023\/05\/Imagen-de-WhatsApp-2023-05-09-a-las-11.14.55.jpg\" data-src=\"https:\/\/eldiariodesanpedro.com.ar\/sitio\/wp-content\/uploads\/2023\/05\/Imagen-de-WhatsApp-2023-05-09-a-las-11.14.55.jpg\" alt=\"\" class=\"wp-image-117952 lazyload\" data-srcset=\"https:\/\/eldiariodesanpedro.com.ar\/sitio\/wp-content\/uploads\/2023\/05\/Imagen-de-WhatsApp-2023-05-09-a-las-11.14.55.jpg 840w, https:\/\/eldiariodesanpedro.com.ar\/sitio\/wp-content\/uploads\/2023\/05\/Imagen-de-WhatsApp-2023-05-09-a-las-11.14.55-300x225.jpg 300w, https:\/\/eldiariodesanpedro.com.ar\/sitio\/wp-content\/uploads\/2023\/05\/Imagen-de-WhatsApp-2023-05-09-a-las-11.14.55-768x576.jpg 768w, https:\/\/eldiariodesanpedro.com.ar\/sitio\/wp-content\/uploads\/2023\/05\/Imagen-de-WhatsApp-2023-05-09-a-las-11.14.55-272x204.jpg 272w\" data-sizes=\"(max-width: 840px) 100vw, 840px\" src=\"data:image\/svg+xml;base64,PHN2ZyB3aWR0aD0iMSIgaGVpZ2h0PSIxIiB4bWxucz0iaHR0cDovL3d3dy53My5vcmcvMjAwMC9zdmciPjwvc3ZnPg==\" style=\"--smush-placeholder-width: 840px; --smush-placeholder-aspect-ratio: 840\/630;\" \/><\/figure>\n","protected":false},"excerpt":{"rendered":"<p>Este lunes, la Secretar\u00eda de Desarrollo Humano recibi\u00f3 la visita del equipo de la Direcci\u00f3n de Promoci\u00f3n y Protecci\u00f3n Integral de la SENAF, quienes vinieron a realizar el monitoreo del proyecto \u201cTejiendo Redes con la TIC\u201d que consistente en la construcci\u00f3n y equipamiento de una sala de computaci\u00f3n, que funcionar\u00e1 en Mateo Sbert 450 (SUM [&hellip;]<\/p>\n","protected":false},"author":4,"featured_media":117954,"comment_status":"closed","ping_status":"closed","sticky":false,"template":"","format":"standard","meta":{"om_disable_all_campaigns":false,"_jetpack_memberships_contains_paid_content":false,"footnotes":""},"categories":[101,2],"tags":[197,696,33,19],"class_list":["post-117951","post","type-post","status-publish","format-standard","has-post-thumbnail","hentry","category-interes-general-locales","category-locales","tag-buenos-aires","tag-interes-general","tag-locales","tag-san-pedro"],"aioseo_notices":[],"gutentor_comment":0,"jetpack_featured_media_url":"https:\/\/eldiariodesanpedro.com.ar\/sitio\/wp-content\/uploads\/2023\/05\/Imagen-de-WhatsApp-2023-05-09-a-las-11.14.562.jpg","jetpack_shortlink":"https:\/\/wp.me\/p6RhLt-uGr","jetpack_sharing_enabled":true,"_links":{"self":[{"href":"https:\/\/eldiariodesanpedro.com.ar\/sitio\/wp-json\/wp\/v2\/posts\/117951","targetHints":{"allow":["GET"]}}],"collection":[{"href":"https:\/\/eldiariodesanpedro.com.ar\/sitio\/wp-json\/wp\/v2\/posts"}],"about":[{"href":"https:\/\/eldiariodesanpedro.com.ar\/sitio\/wp-json\/wp\/v2\/types\/post"}],"author":[{"embeddable":true,"href":"https:\/\/eldiariodesanpedro.com.ar\/sitio\/wp-json\/wp\/v2\/users\/4"}],"replies":[{"embeddable":true,"href":"https:\/\/eldiariodesanpedro.com.ar\/sitio\/wp-json\/wp\/v2\/comments?post=117951"}],"version-history":[{"count":1,"href":"https:\/\/eldiariodesanpedro.com.ar\/sitio\/wp-json\/wp\/v2\/posts\/117951\/revisions"}],"predecessor-version":[{"id":117955,"href":"https:\/\/eldiariodesanpedro.com.ar\/sitio\/wp-json\/wp\/v2\/posts\/117951\/revisions\/117955"}],"wp:featuredmedia":[{"embeddable":true,"href":"https:\/\/eldiariodesanpedro.com.ar\/sitio\/wp-json\/wp\/v2\/media\/117954"}],"wp:attachment":[{"href":"https:\/\/eldiariodesanpedro.com.ar\/sitio\/wp-json\/wp\/v2\/media?parent=117951"}],"wp:term":[{"taxonomy":"category","embeddable":true,"href":"https:\/\/eldiariodesanpedro.com.ar\/sitio\/wp-json\/wp\/v2\/categories?post=117951"},{"taxonomy":"post_tag","embeddable":true,"href":"https:\/\/eldiariodesanpedro.com.ar\/sitio\/wp-json\/wp\/v2\/tags?post=117951"}],"curies":[{"name":"wp","href":"https:\/\/api.w.org\/{rel}","templated":true}]}}