{"id":117942,"date":"2023-05-09T10:49:52","date_gmt":"2023-05-09T13:49:52","guid":{"rendered":"https:\/\/eldiariodesanpedro.com.ar\/sitio\/?p=117942"},"modified":"2023-05-09T10:49:53","modified_gmt":"2023-05-09T13:49:53","slug":"gaby-mendoza-ira-a-juicio-por-el-abuso-sexual-de-otro-interno-dentro-de-la-up3-de-san-nicolas","status":"publish","type":"post","link":"https:\/\/eldiariodesanpedro.com.ar\/sitio\/gaby-mendoza-ira-a-juicio-por-el-abuso-sexual-de-otro-interno-dentro-de-la-up3-de-san-nicolas\/","title":{"rendered":"Gaby Mendoza ira a juicio por el abuso sexual de otro interno dentro de la UP3 de San Nicol\u00e1s"},"content":{"rendered":"<!-- VideographyWP Plugin Message: Automatic video embedding prevented by plugin options. -->\n\n<p>El pr\u00f3ximo viernes 12 de este mes, los Tribunales de la ciudad de San Nicol\u00e1s comenzar\u00e1n un juicio oral y p\u00fablico que podr\u00eda revelar detalles sobre un oscuro episodio de violencia sexual en la Unidad Penal N\u00ba 3. El imputado es Jorge Gabriel Mendoza Romero, conocido como \u00abEl Gaby\u00bb, oriundo de San Pedro, quien junto a otros dos internos, Carlos Escobar y Facundo Andrade, enfrentar\u00e1n cargos por el presunto abuso sexual de otro hombre privado de su libertad.<\/p>\n\n\n\n<p>Seg\u00fan las investigaciones, el ataque tuvo lugar en la propia unidad carcelaria donde los tres acusados estaban alojados. La situaci\u00f3n se agrav\u00f3 cuando se intent\u00f3 trasladarlos debido a la ferocidad del asalto, lo que provoc\u00f3 un violento mot\u00edn en el Pabell\u00f3n de Sanidad de la c\u00e1rcel el 17 de enero de 2019.<\/p>\n\n\n\n<p>Mendoza, Escobar y Andrade tienen antecedentes delictivos preocupantes y estaban cumpliendo condenas en la prisi\u00f3n en el momento del incidente. Mendoza hab\u00eda sido encarcelado por tentativa de homicidio y tiene un historial delictivo extenso, que incluye el asesinato de Daniel Pereyra cuando ten\u00eda 13 a\u00f1os y el asalto a la familia Incisa Di Camerama cuando ten\u00eda 18 a\u00f1os.<\/p>\n\n\n\n<p>El Fiscal Julio Tan\u00fas representar\u00e1 a la parte acusadora en este juicio, mientras que la defensora oficial Fernanda Uboldi defender\u00e1 a los acusados. Mendoza deber\u00e1 responder por el delito de Abuso Sexual con acceso carnal agravado por la concurrencia de dos o m\u00e1s personas, lo que podr\u00eda acarrear una condena de entre 8 y 20 a\u00f1os de prisi\u00f3n.<\/p>\n\n\n\n<p>Cabe destacar que los tres hombres ya hab\u00edan sido juzgados y condenados a 13 a\u00f1os de prisi\u00f3n por el mot\u00edn en la penitenciar\u00eda en diciembre de 2021, aunque la condena a\u00fan no se encuentra firme. En la actualidad, el imputado tambi\u00e9n est\u00e1 cumpliendo otras penas en el Penal de Campana.<\/p>\n\n\n\n<p>La gravedad de los delitos que se le imputan y el historial delictivo de Mendoza y sus c\u00f3mplices hacen de este juicio una cuesti\u00f3n de especial inter\u00e9s para la opini\u00f3n p\u00fablica. Ser\u00e1 responsabilidad del Tribunal Oral esclarecer los hechos y determinar las responsabilidades correspondientes.<\/p>\n","protected":false},"excerpt":{"rendered":"<p>El pr\u00f3ximo viernes 12 de este mes, los Tribunales de la ciudad de San Nicol\u00e1s comenzar\u00e1n un juicio oral y p\u00fablico que podr\u00eda revelar detalles sobre un oscuro episodio de violencia sexual en la Unidad Penal N\u00ba 3. El imputado es Jorge Gabriel Mendoza Romero, conocido como \u00abEl Gaby\u00bb, oriundo de San Pedro, quien junto [&hellip;]<\/p>\n","protected":false},"author":4,"featured_media":117943,"comment_status":"closed","ping_status":"closed","sticky":false,"template":"","format":"standard","meta":{"om_disable_all_campaigns":false,"_jetpack_memberships_contains_paid_content":false,"footnotes":""},"categories":[50,101,2],"tags":[1025,3998,197,3996,3997,3995,990,4000,696,682,3992,3713,33,3604,4001,3999,1813,19,3994,3993],"class_list":["post-117942","post","type-post","status-publish","format-standard","has-post-thumbnail","hentry","category-destacadas","category-interes-general-locales","category-locales","tag-abuso-sexual","tag-acceso-carnal","tag-buenos-aires","tag-condena","tag-defensora-oficial","tag-delitos","tag-fiscal","tag-historial-delictivo","tag-interes-general","tag-internos","tag-jorge-gabriel-mendoza-romero","tag-juicio","tag-locales","tag-noticia","tag-opinion-publica","tag-penitenciaria","tag-san-nicolas-2","tag-san-pedro","tag-tribunales","tag-unidad-penal-no-3"],"aioseo_notices":[],"gutentor_comment":0,"jetpack_featured_media_url":"https:\/\/eldiariodesanpedro.com.ar\/sitio\/wp-content\/uploads\/2023\/05\/0000021823-resized-1920x1080-1.jpg","jetpack_shortlink":"https:\/\/wp.me\/p6RhLt-uGi","jetpack_sharing_enabled":true,"_links":{"self":[{"href":"https:\/\/eldiariodesanpedro.com.ar\/sitio\/wp-json\/wp\/v2\/posts\/117942","targetHints":{"allow":["GET"]}}],"collection":[{"href":"https:\/\/eldiariodesanpedro.com.ar\/sitio\/wp-json\/wp\/v2\/posts"}],"about":[{"href":"https:\/\/eldiariodesanpedro.com.ar\/sitio\/wp-json\/wp\/v2\/types\/post"}],"author":[{"embeddable":true,"href":"https:\/\/eldiariodesanpedro.com.ar\/sitio\/wp-json\/wp\/v2\/users\/4"}],"replies":[{"embeddable":true,"href":"https:\/\/eldiariodesanpedro.com.ar\/sitio\/wp-json\/wp\/v2\/comments?post=117942"}],"version-history":[{"count":1,"href":"https:\/\/eldiariodesanpedro.com.ar\/sitio\/wp-json\/wp\/v2\/posts\/117942\/revisions"}],"predecessor-version":[{"id":117944,"href":"https:\/\/eldiariodesanpedro.com.ar\/sitio\/wp-json\/wp\/v2\/posts\/117942\/revisions\/117944"}],"wp:featuredmedia":[{"embeddable":true,"href":"https:\/\/eldiariodesanpedro.com.ar\/sitio\/wp-json\/wp\/v2\/media\/117943"}],"wp:attachment":[{"href":"https:\/\/eldiariodesanpedro.com.ar\/sitio\/wp-json\/wp\/v2\/media?parent=117942"}],"wp:term":[{"taxonomy":"category","embeddable":true,"href":"https:\/\/eldiariodesanpedro.com.ar\/sitio\/wp-json\/wp\/v2\/categories?post=117942"},{"taxonomy":"post_tag","embeddable":true,"href":"https:\/\/eldiariodesanpedro.com.ar\/sitio\/wp-json\/wp\/v2\/tags?post=117942"}],"curies":[{"name":"wp","href":"https:\/\/api.w.org\/{rel}","templated":true}]}}