{"id":117939,"date":"2023-05-09T10:31:55","date_gmt":"2023-05-09T13:31:55","guid":{"rendered":"https:\/\/eldiariodesanpedro.com.ar\/sitio\/?p=117939"},"modified":"2023-05-09T10:31:57","modified_gmt":"2023-05-09T13:31:57","slug":"gaspar-rivas-evoluciona-favorablemente-en-el-hospital-santojanni","status":"publish","type":"post","link":"https:\/\/eldiariodesanpedro.com.ar\/sitio\/gaspar-rivas-evoluciona-favorablemente-en-el-hospital-santojanni\/","title":{"rendered":"Gaspar Rivas evoluciona favorablemente en el Hospital Santojanni"},"content":{"rendered":"<!-- VideographyWP Plugin Message: Automatic video embedding prevented by plugin options. -->\n\n<p>La familia de Gaspar Rivas confirm\u00f3 que el adolescente de 17 a\u00f1os, quien sufriera una fractura de cr\u00e1neo como consecuencia de un piedrazo durante una pelea a la salida de una fiesta en la madrugada del domingo, est\u00e1 evolucionando favorablemente en el Hospital Santojanni de la ciudad de Buenos Aires.<\/p>\n\n\n\n<p>Seg\u00fan el padre del joven, Mart\u00edn Rivas, Gaspar despert\u00f3 y le pudieron sacar el respirador, lo cual es un paso enorme para esta jornada que ven\u00eda muy bien. \u00abLa seguimos peleando, pero ahora con los ojos abiertos y una sonrisa\u00bb, expres\u00f3.<\/p>\n\n\n\n<p>Gaspar fue sometido a una neurocirug\u00eda para descomprimir la masa encef\u00e1lica y drenar la hemorragia que hab\u00eda sufrido. Actualmente, permanece internado en terapia intensiva del Hospital Santojanni.<\/p>\n\n\n\n<p>El joven lleg\u00f3 conciente a la guardia del hospital luego del incidente, presentando una herida cortante en la regi\u00f3n parietal. Fue suturado y se le dieron las pautas de alarma por cualquier situaci\u00f3n que pudiera aparecer despu\u00e9s. Sin embargo, mientras realizaba la denuncia en la comisar\u00eda, tuvo s\u00edntomas neurol\u00f3gicos que obligaron a la consulta en donde se realiz\u00f3 la tomograf\u00eda computada, visualiz\u00e1ndose la fractura y el hematoma.<\/p>\n\n\n\n<p>Mart\u00edn Rivas destac\u00f3 la gran labor de los m\u00e9dicos que salvaron la vida de su hijo, especialmente la de la Dra. Romina Savoy, quien empez\u00f3 a actuar r\u00e1pidamente en el Hospital Ruffa para evitar que el estado de Gaspar empeorara.<\/p>\n\n\n\n<p>Aunque Gaspar sigue delicado, su evoluci\u00f3n favorable es una gran noticia para su familia y amigos, quienes agradecen a todos los que est\u00e1n sosteniendo y acompa\u00f1ando el proceso de recuperaci\u00f3n del joven.<\/p>\n\n\n\n<p>#Noticia #Salud #Lesiones #Hospital #Recuperaci\u00f3n #GasparRivas<\/p>\n","protected":false},"excerpt":{"rendered":"<p>La familia de Gaspar Rivas confirm\u00f3 que el adolescente de 17 a\u00f1os, quien sufriera una fractura de cr\u00e1neo como consecuencia de un piedrazo durante una pelea a la salida de una fiesta en la madrugada del domingo, est\u00e1 evolucionando favorablemente en el Hospital Santojanni de la ciudad de Buenos Aires. Seg\u00fan el padre del joven, [&hellip;]<\/p>\n","protected":false},"author":4,"featured_media":117940,"comment_status":"closed","ping_status":"closed","sticky":false,"template":"","format":"standard","meta":{"om_disable_all_campaigns":false,"_jetpack_memberships_contains_paid_content":false,"footnotes":""},"categories":[50,101,2],"tags":[197,3991,696,33,19],"class_list":["post-117939","post","type-post","status-publish","format-standard","has-post-thumbnail","hentry","category-destacadas","category-interes-general-locales","category-locales","tag-buenos-aires","tag-gaspar-rivas","tag-interes-general","tag-locales","tag-san-pedro"],"aioseo_notices":[],"gutentor_comment":0,"jetpack_featured_media_url":"https:\/\/eldiariodesanpedro.com.ar\/sitio\/wp-content\/uploads\/2023\/05\/Gaspar-Rivas-1.jpg","jetpack_shortlink":"https:\/\/wp.me\/p6RhLt-uGf","jetpack_sharing_enabled":true,"_links":{"self":[{"href":"https:\/\/eldiariodesanpedro.com.ar\/sitio\/wp-json\/wp\/v2\/posts\/117939","targetHints":{"allow":["GET"]}}],"collection":[{"href":"https:\/\/eldiariodesanpedro.com.ar\/sitio\/wp-json\/wp\/v2\/posts"}],"about":[{"href":"https:\/\/eldiariodesanpedro.com.ar\/sitio\/wp-json\/wp\/v2\/types\/post"}],"author":[{"embeddable":true,"href":"https:\/\/eldiariodesanpedro.com.ar\/sitio\/wp-json\/wp\/v2\/users\/4"}],"replies":[{"embeddable":true,"href":"https:\/\/eldiariodesanpedro.com.ar\/sitio\/wp-json\/wp\/v2\/comments?post=117939"}],"version-history":[{"count":1,"href":"https:\/\/eldiariodesanpedro.com.ar\/sitio\/wp-json\/wp\/v2\/posts\/117939\/revisions"}],"predecessor-version":[{"id":117941,"href":"https:\/\/eldiariodesanpedro.com.ar\/sitio\/wp-json\/wp\/v2\/posts\/117939\/revisions\/117941"}],"wp:featuredmedia":[{"embeddable":true,"href":"https:\/\/eldiariodesanpedro.com.ar\/sitio\/wp-json\/wp\/v2\/media\/117940"}],"wp:attachment":[{"href":"https:\/\/eldiariodesanpedro.com.ar\/sitio\/wp-json\/wp\/v2\/media?parent=117939"}],"wp:term":[{"taxonomy":"category","embeddable":true,"href":"https:\/\/eldiariodesanpedro.com.ar\/sitio\/wp-json\/wp\/v2\/categories?post=117939"},{"taxonomy":"post_tag","embeddable":true,"href":"https:\/\/eldiariodesanpedro.com.ar\/sitio\/wp-json\/wp\/v2\/tags?post=117939"}],"curies":[{"name":"wp","href":"https:\/\/api.w.org\/{rel}","templated":true}]}}