{"id":117937,"date":"2023-05-09T10:04:46","date_gmt":"2023-05-09T13:04:46","guid":{"rendered":"https:\/\/eldiariodesanpedro.com.ar\/sitio\/?p=117937"},"modified":"2023-05-09T10:04:48","modified_gmt":"2023-05-09T13:04:48","slug":"hoy-comienza-el-pago-de-jubilaciones-y-pensiones-minimas-auh-y-afh","status":"publish","type":"post","link":"https:\/\/eldiariodesanpedro.com.ar\/sitio\/hoy-comienza-el-pago-de-jubilaciones-y-pensiones-minimas-auh-y-afh\/","title":{"rendered":"Hoy comienza el pago de jubilaciones y pensiones minimas, AUH y AFH"},"content":{"rendered":"<!-- VideographyWP Plugin Message: Automatic video embedding prevented by plugin options. -->\n\n<p>ANSES informa que hoy comienzan los pagos de las jubilaciones y pensiones m\u00ednimas, de la Asignaci\u00f3n Universal por Hijo y de la Asignaci\u00f3n Familiar por Hijo.<br>En tanto, dichos jubilados y pensionados perciben con su haber la tercera cuota del refuerzo de 15 mil pesos, por lo que ninguna jubilaci\u00f3n queda por debajo de los 73 mil pesos.<br>En este sentido, los cronogramas quedan conformados de la siguiente manera:<\/p>\n\n\n\n<p>Jubilaciones y pensiones que no superen un haber m\u00ednimo<br>\u00b7 DNI terminados en 0: 9 de mayo<br>\u00b7 DNI terminados en 1: 10 de mayo<br>\u00b7 DNI terminados en 2: 11 de mayo<br>\u00b7 DNI terminados en 3: 12 de mayo<br>\u00b7 DNI terminados en 4: 15 de mayo<br>\u00b7 DNI terminados en 5: 16 de mayo<br>\u00b7 DNI terminados en 6: 17 de mayo<br>\u00b7 DNI terminados en 7: 18 de mayo<br>\u00b7 DNI terminados en 8: 19 de mayo<br>\u00b7 DNI terminados en 9: 22 de mayo<\/p>\n\n\n\n<p>Asignaci\u00f3n Universal por Hijo y Asignaci\u00f3n Familiar por Hijo<br>\u00b7 DNI terminados en 0: 9 de mayo<br>\u00b7 DNI terminados en 1: 10 de mayo<br>\u00b7 DNI terminados en 2: 11 de mayo<br>\u00b7 DNI terminados en 3: 12 de mayo<br>\u00b7 DNI terminados en 4: 15 de mayo<br>\u00b7 DNI terminados en 5: 16 de mayo<br>\u00b7 DNI terminados en 6: 17 de mayo<br>\u00b7 DNI terminados en 7: 18 de mayo<br>\u00b7 DNI terminados en 8: 19 de mayo<br>\u00b7 DNI terminados en 9: 22 de mayo<\/p>\n","protected":false},"excerpt":{"rendered":"<p>ANSES informa que hoy comienzan los pagos de las jubilaciones y pensiones m\u00ednimas, de la Asignaci\u00f3n Universal por Hijo y de la Asignaci\u00f3n Familiar por Hijo.En tanto, dichos jubilados y pensionados perciben con su haber la tercera cuota del refuerzo de 15 mil pesos, por lo que ninguna jubilaci\u00f3n queda por debajo de los 73 [&hellip;]<\/p>\n","protected":false},"author":4,"featured_media":111293,"comment_status":"closed","ping_status":"closed","sticky":false,"template":"","format":"standard","meta":{"om_disable_all_campaigns":false,"_jetpack_memberships_contains_paid_content":false,"footnotes":""},"categories":[50,101,2],"tags":[1434,3989,197,3988,19],"class_list":["post-117937","post","type-post","status-publish","format-standard","has-post-thumbnail","hentry","category-destacadas","category-interes-general-locales","category-locales","tag-anses-informa","tag-auh-y-afh","tag-buenos-aires","tag-hoy-comienza-el-pago-de-jubilaciones-y-pensiones-minimas","tag-san-pedro"],"aioseo_notices":[],"gutentor_comment":0,"jetpack_featured_media_url":"https:\/\/eldiariodesanpedro.com.ar\/sitio\/wp-content\/uploads\/2022\/10\/anses.png","jetpack_shortlink":"https:\/\/wp.me\/p6RhLt-uGd","jetpack_sharing_enabled":true,"_links":{"self":[{"href":"https:\/\/eldiariodesanpedro.com.ar\/sitio\/wp-json\/wp\/v2\/posts\/117937","targetHints":{"allow":["GET"]}}],"collection":[{"href":"https:\/\/eldiariodesanpedro.com.ar\/sitio\/wp-json\/wp\/v2\/posts"}],"about":[{"href":"https:\/\/eldiariodesanpedro.com.ar\/sitio\/wp-json\/wp\/v2\/types\/post"}],"author":[{"embeddable":true,"href":"https:\/\/eldiariodesanpedro.com.ar\/sitio\/wp-json\/wp\/v2\/users\/4"}],"replies":[{"embeddable":true,"href":"https:\/\/eldiariodesanpedro.com.ar\/sitio\/wp-json\/wp\/v2\/comments?post=117937"}],"version-history":[{"count":1,"href":"https:\/\/eldiariodesanpedro.com.ar\/sitio\/wp-json\/wp\/v2\/posts\/117937\/revisions"}],"predecessor-version":[{"id":117938,"href":"https:\/\/eldiariodesanpedro.com.ar\/sitio\/wp-json\/wp\/v2\/posts\/117937\/revisions\/117938"}],"wp:featuredmedia":[{"embeddable":true,"href":"https:\/\/eldiariodesanpedro.com.ar\/sitio\/wp-json\/wp\/v2\/media\/111293"}],"wp:attachment":[{"href":"https:\/\/eldiariodesanpedro.com.ar\/sitio\/wp-json\/wp\/v2\/media?parent=117937"}],"wp:term":[{"taxonomy":"category","embeddable":true,"href":"https:\/\/eldiariodesanpedro.com.ar\/sitio\/wp-json\/wp\/v2\/categories?post=117937"},{"taxonomy":"post_tag","embeddable":true,"href":"https:\/\/eldiariodesanpedro.com.ar\/sitio\/wp-json\/wp\/v2\/tags?post=117937"}],"curies":[{"name":"wp","href":"https:\/\/api.w.org\/{rel}","templated":true}]}}