{"id":117932,"date":"2023-05-08T21:29:32","date_gmt":"2023-05-09T00:29:32","guid":{"rendered":"https:\/\/eldiariodesanpedro.com.ar\/sitio\/?p=117932"},"modified":"2023-05-08T21:31:01","modified_gmt":"2023-05-09T00:31:01","slug":"gino-pichetti-campeon-africano-de-optimist","status":"publish","type":"post","link":"https:\/\/eldiariodesanpedro.com.ar\/sitio\/gino-pichetti-campeon-africano-de-optimist\/","title":{"rendered":"Gino Pichetti Campe\u00f3n Africano de Optimist"},"content":{"rendered":"<!-- VideographyWP Plugin Message: Automatic video embedding prevented by plugin options. -->\n\n<p>Gino Pichetti, timonel de la Escuela del Club N\u00e1utico San Pedro, se ha consagrado este lunes como el nuevo Campe\u00f3n Africano de Optimist en Marruecos. Representando a la selecci\u00f3n argentina, Pichetti dej\u00f3 en alto el nombre de su pa\u00eds en un torneo que cont\u00f3 con la participaci\u00f3n de 90 j\u00f3venes de 20 naciones distintas.<\/p>\n\n\n\n<p>El \u00e9xito de Pichetti es la culminaci\u00f3n de una excelente actuaci\u00f3n del equipo argentino en el torneo. El s\u00e1bado pasado, el equipo de Argentina se llev\u00f3 el campeonato por equipos, mientras que Juan Sebasti\u00e1n Properzi obtuvo el subcampeonato individual para el pa\u00eds.<\/p>\n\n\n\n<p>El torneo de Optimist en Marruecos fue una oportunidad para que j\u00f3venes talentos de todo el mundo compitieran en un ambiente internacional. Los 90 participantes representaron a sus pa\u00edses respectivos en una emocionante competencia que culmin\u00f3 con la victoria de Pichetti.<\/p>\n\n\n\n<p>La actuaci\u00f3n del equipo argentino en este torneo ha sido un gran logro para la naci\u00f3n, demostrando una vez m\u00e1s el talento y la habilidad de los j\u00f3venes deportistas del pa\u00eds en el deporte de la vela. La victoria de Pichetti es un motivo de orgullo para la Escuela del Club N\u00e1utico San Pedro y para el conjunto de Argentina en general.<\/p>\n\n\n\n<figure class=\"wp-block-image size-full\"><img decoding=\"async\" width=\"630\" height=\"630\" data-attachment-id=\"117935\" data-permalink=\"https:\/\/eldiariodesanpedro.com.ar\/sitio\/gino-pichetti-campeon-africano-de-optimist\/1683585272135239-1\/\" data-orig-file=\"https:\/\/eldiariodesanpedro.com.ar\/sitio\/wp-content\/uploads\/2023\/05\/1683585272135239-1.jpg\" data-orig-size=\"630,630\" data-comments-opened=\"0\" data-image-meta=\"{&quot;aperture&quot;:&quot;0&quot;,&quot;credit&quot;:&quot;&quot;,&quot;camera&quot;:&quot;&quot;,&quot;caption&quot;:&quot;&quot;,&quot;created_timestamp&quot;:&quot;0&quot;,&quot;copyright&quot;:&quot;&quot;,&quot;focal_length&quot;:&quot;0&quot;,&quot;iso&quot;:&quot;0&quot;,&quot;shutter_speed&quot;:&quot;0&quot;,&quot;title&quot;:&quot;&quot;,&quot;orientation&quot;:&quot;0&quot;}\" data-image-title=\"1683585272135239-1\" data-image-description=\"\" data-image-caption=\"\" data-large-file=\"https:\/\/eldiariodesanpedro.com.ar\/sitio\/wp-content\/uploads\/2023\/05\/1683585272135239-1.jpg\" data-src=\"https:\/\/eldiariodesanpedro.com.ar\/sitio\/wp-content\/uploads\/2023\/05\/1683585272135239-1.jpg\" alt=\"\" class=\"wp-image-117935 lazyload\" data-srcset=\"https:\/\/eldiariodesanpedro.com.ar\/sitio\/wp-content\/uploads\/2023\/05\/1683585272135239-1.jpg 630w, https:\/\/eldiariodesanpedro.com.ar\/sitio\/wp-content\/uploads\/2023\/05\/1683585272135239-1-300x300.jpg 300w, https:\/\/eldiariodesanpedro.com.ar\/sitio\/wp-content\/uploads\/2023\/05\/1683585272135239-1-150x150.jpg 150w\" data-sizes=\"(max-width: 630px) 100vw, 630px\" src=\"data:image\/svg+xml;base64,PHN2ZyB3aWR0aD0iMSIgaGVpZ2h0PSIxIiB4bWxucz0iaHR0cDovL3d3dy53My5vcmcvMjAwMC9zdmciPjwvc3ZnPg==\" style=\"--smush-placeholder-width: 630px; --smush-placeholder-aspect-ratio: 630\/630;\" \/><\/figure>\n","protected":false},"excerpt":{"rendered":"<p>Gino Pichetti, timonel de la Escuela del Club N\u00e1utico San Pedro, se ha consagrado este lunes como el nuevo Campe\u00f3n Africano de Optimist en Marruecos. Representando a la selecci\u00f3n argentina, Pichetti dej\u00f3 en alto el nombre de su pa\u00eds en un torneo que cont\u00f3 con la participaci\u00f3n de 90 j\u00f3venes de 20 naciones distintas. El [&hellip;]<\/p>\n","protected":false},"author":4,"featured_media":117933,"comment_status":"closed","ping_status":"closed","sticky":false,"template":"","format":"standard","meta":{"om_disable_all_campaigns":false,"_jetpack_memberships_contains_paid_content":false,"footnotes":""},"categories":[50,101,2],"tags":[197,33,95,19],"class_list":["post-117932","post","type-post","status-publish","format-standard","has-post-thumbnail","hentry","category-destacadas","category-interes-general-locales","category-locales","tag-buenos-aires","tag-locales","tag-policiales","tag-san-pedro"],"aioseo_notices":[],"gutentor_comment":0,"jetpack_featured_media_url":"https:\/\/eldiariodesanpedro.com.ar\/sitio\/wp-content\/uploads\/2023\/05\/medida-13.png","jetpack_shortlink":"https:\/\/wp.me\/p6RhLt-uG8","jetpack_sharing_enabled":true,"_links":{"self":[{"href":"https:\/\/eldiariodesanpedro.com.ar\/sitio\/wp-json\/wp\/v2\/posts\/117932","targetHints":{"allow":["GET"]}}],"collection":[{"href":"https:\/\/eldiariodesanpedro.com.ar\/sitio\/wp-json\/wp\/v2\/posts"}],"about":[{"href":"https:\/\/eldiariodesanpedro.com.ar\/sitio\/wp-json\/wp\/v2\/types\/post"}],"author":[{"embeddable":true,"href":"https:\/\/eldiariodesanpedro.com.ar\/sitio\/wp-json\/wp\/v2\/users\/4"}],"replies":[{"embeddable":true,"href":"https:\/\/eldiariodesanpedro.com.ar\/sitio\/wp-json\/wp\/v2\/comments?post=117932"}],"version-history":[{"count":2,"href":"https:\/\/eldiariodesanpedro.com.ar\/sitio\/wp-json\/wp\/v2\/posts\/117932\/revisions"}],"predecessor-version":[{"id":117936,"href":"https:\/\/eldiariodesanpedro.com.ar\/sitio\/wp-json\/wp\/v2\/posts\/117932\/revisions\/117936"}],"wp:featuredmedia":[{"embeddable":true,"href":"https:\/\/eldiariodesanpedro.com.ar\/sitio\/wp-json\/wp\/v2\/media\/117933"}],"wp:attachment":[{"href":"https:\/\/eldiariodesanpedro.com.ar\/sitio\/wp-json\/wp\/v2\/media?parent=117932"}],"wp:term":[{"taxonomy":"category","embeddable":true,"href":"https:\/\/eldiariodesanpedro.com.ar\/sitio\/wp-json\/wp\/v2\/categories?post=117932"},{"taxonomy":"post_tag","embeddable":true,"href":"https:\/\/eldiariodesanpedro.com.ar\/sitio\/wp-json\/wp\/v2\/tags?post=117932"}],"curies":[{"name":"wp","href":"https:\/\/api.w.org\/{rel}","templated":true}]}}