{"id":117930,"date":"2023-05-08T21:22:04","date_gmt":"2023-05-09T00:22:04","guid":{"rendered":"https:\/\/eldiariodesanpedro.com.ar\/sitio\/?p=117930"},"modified":"2023-05-08T21:22:06","modified_gmt":"2023-05-09T00:22:06","slug":"la-fiscal-viviani-solicito-el-juicio-por-extorsion-y-turbacion-de-la-posesion-en-la-causa-camioneros","status":"publish","type":"post","link":"https:\/\/eldiariodesanpedro.com.ar\/sitio\/la-fiscal-viviani-solicito-el-juicio-por-extorsion-y-turbacion-de-la-posesion-en-la-causa-camioneros\/","title":{"rendered":"La fiscal Viviani solicit\u00f3 el juicio por extorsi\u00f3n y turbaci\u00f3n de la posesi\u00f3n en la \u00abCausa Camioneros\u00bb"},"content":{"rendered":"<!-- VideographyWP Plugin Message: Automatic video embedding prevented by plugin options. -->\n\n<p>La fiscal titular Mar\u00eda del Valle Viviani de la Fiscal\u00eda N\u00ba 7 de San Pedro ha solicitado que se eleve a juicio la causa relacionada con el bloqueo a la Empresa Rey Distribuci\u00f3n. Seg\u00fan argumenta, cuenta con suficientes pruebas para acusar a los gremialistas Maximiliano Cabaleyro y Fernando Espindola, as\u00ed como a seis empleados de la empresa denunciante, por los delitos de Extorsi\u00f3n y Turbaci\u00f3n de la posesi\u00f3n.<\/p>\n\n\n\n<p>El Juzgado de Garant\u00edas N\u00ba 3, a cargo de la Jueza Mar\u00eda Eugenia Maiztegui, ha corrido traslado a los defensores para que presenten sus planteos en plazos sucesivos. Los t\u00e9rminos para que la magistrada resuelva las cuestiones presentadas vencen la pr\u00f3xima semana.<\/p>\n\n\n\n<p>Mauricio Gugger, defensor de Cabaleyro y Espindola, se ha opuesto al juzgamiento de sus defendidos y ha solicitado el cambio de la calificaci\u00f3n legal y el sobreseimiento de ambos. Posteriormente, la jueza le ha corrido traslado al defensor de los seis trabajadores de la empresa, quienes tambi\u00e9n est\u00e1n imputados.<\/p>\n\n\n\n<p>La causa se inici\u00f3 cuando la empresa Rey Distribuci\u00f3n denunci\u00f3 por Extorsi\u00f3n y Turbaci\u00f3n de la Posesi\u00f3n a Cabaleyro, Esp\u00edndola y a un grupo de trabajadores de la firma que habr\u00edan actuado en apoyo de un reclamo gremial, caus\u00e1ndoles serios perjuicios. Los allanamientos y la detenci\u00f3n de los l\u00edderes sindicales fueron la consecuencia de la instrucci\u00f3n de la causa, quienes se encuentran alojados en la UP3.<\/p>\n\n\n\n<p>En contrapartida, el abogado defensor Gabriel Ruiz, que representa a los seis trabajadores, ha presentado acusaciones contra los titulares de la empresa por Fraude laboral y Estafa Procesal, entre otros cargos, y ha pedido la recusaci\u00f3n de la fiscal Viviani.<\/p>\n\n\n\n<p>Una vez cumplidas estas medidas legales, los plazos comenzaron a correr para que la magistrada tome una decisi\u00f3n y determine si sobresee o sienta en el banquillo de los acusados a uno, algunos o a todos los imputados en la \u00abCausa Camioneros\u00bb.<\/p>\n","protected":false},"excerpt":{"rendered":"<p>La fiscal titular Mar\u00eda del Valle Viviani de la Fiscal\u00eda N\u00ba 7 de San Pedro ha solicitado que se eleve a juicio la causa relacionada con el bloqueo a la Empresa Rey Distribuci\u00f3n. Seg\u00fan argumenta, cuenta con suficientes pruebas para acusar a los gremialistas Maximiliano Cabaleyro y Fernando Espindola, as\u00ed como a seis empleados de [&hellip;]<\/p>\n","protected":false},"author":4,"featured_media":87989,"comment_status":"closed","ping_status":"closed","sticky":false,"template":"","format":"standard","meta":{"om_disable_all_campaigns":false,"_jetpack_memberships_contains_paid_content":false,"footnotes":""},"categories":[50,2,103],"tags":[],"class_list":["post-117930","post","type-post","status-publish","format-standard","has-post-thumbnail","hentry","category-destacadas","category-locales","category-policiales-locales"],"aioseo_notices":[],"gutentor_comment":0,"jetpack_featured_media_url":"https:\/\/eldiariodesanpedro.com.ar\/sitio\/wp-content\/uploads\/2021\/02\/WhatsApp-Image-2021-02-22-at-12.44.12.jpeg","jetpack_shortlink":"https:\/\/wp.me\/p6RhLt-uG6","jetpack_sharing_enabled":true,"_links":{"self":[{"href":"https:\/\/eldiariodesanpedro.com.ar\/sitio\/wp-json\/wp\/v2\/posts\/117930","targetHints":{"allow":["GET"]}}],"collection":[{"href":"https:\/\/eldiariodesanpedro.com.ar\/sitio\/wp-json\/wp\/v2\/posts"}],"about":[{"href":"https:\/\/eldiariodesanpedro.com.ar\/sitio\/wp-json\/wp\/v2\/types\/post"}],"author":[{"embeddable":true,"href":"https:\/\/eldiariodesanpedro.com.ar\/sitio\/wp-json\/wp\/v2\/users\/4"}],"replies":[{"embeddable":true,"href":"https:\/\/eldiariodesanpedro.com.ar\/sitio\/wp-json\/wp\/v2\/comments?post=117930"}],"version-history":[{"count":1,"href":"https:\/\/eldiariodesanpedro.com.ar\/sitio\/wp-json\/wp\/v2\/posts\/117930\/revisions"}],"predecessor-version":[{"id":117931,"href":"https:\/\/eldiariodesanpedro.com.ar\/sitio\/wp-json\/wp\/v2\/posts\/117930\/revisions\/117931"}],"wp:featuredmedia":[{"embeddable":true,"href":"https:\/\/eldiariodesanpedro.com.ar\/sitio\/wp-json\/wp\/v2\/media\/87989"}],"wp:attachment":[{"href":"https:\/\/eldiariodesanpedro.com.ar\/sitio\/wp-json\/wp\/v2\/media?parent=117930"}],"wp:term":[{"taxonomy":"category","embeddable":true,"href":"https:\/\/eldiariodesanpedro.com.ar\/sitio\/wp-json\/wp\/v2\/categories?post=117930"},{"taxonomy":"post_tag","embeddable":true,"href":"https:\/\/eldiariodesanpedro.com.ar\/sitio\/wp-json\/wp\/v2\/tags?post=117930"}],"curies":[{"name":"wp","href":"https:\/\/api.w.org\/{rel}","templated":true}]}}