{"id":117928,"date":"2023-05-08T21:05:54","date_gmt":"2023-05-09T00:05:54","guid":{"rendered":"https:\/\/eldiariodesanpedro.com.ar\/sitio\/?p=117928"},"modified":"2023-05-08T21:05:55","modified_gmt":"2023-05-09T00:05:55","slug":"un-menor-aprehendido-por-robar-naranjas-en-una-quinta-ubicada-en-la-ruta-9","status":"publish","type":"post","link":"https:\/\/eldiariodesanpedro.com.ar\/sitio\/un-menor-aprehendido-por-robar-naranjas-en-una-quinta-ubicada-en-la-ruta-9\/","title":{"rendered":"Un menor aprehendido por robar naranjas en una quinta ubicada en la ruta 9"},"content":{"rendered":"<!-- VideographyWP Plugin Message: Automatic video embedding prevented by plugin options. -->\n\n<p>Personal policial del destacamento de Rio Tala, aprehendi\u00f3 a un joven por sustracci\u00f3n de frutas en un monte de naranjas ubicado en Ruta Nacional Nro.9 km 160. <\/p>\n\n\n\n<p>El hecho ocurri\u00f3 el domingo pasado y en compa\u00f1\u00eda de tres masculinos, quienes lograron darse a la fuga del lugar. La UFI del Joven de la ciudad de San Nicol\u00e1s est\u00e1 a cargo de la investigaci\u00f3n. El menor fue notificado de la formaci\u00f3n de la causa y entregado a sus progenitores.<\/p>\n","protected":false},"excerpt":{"rendered":"<p>Personal policial del destacamento de Rio Tala, aprehendi\u00f3 a un joven por sustracci\u00f3n de frutas en un monte de naranjas ubicado en Ruta Nacional Nro.9 km 160. El hecho ocurri\u00f3 el domingo pasado y en compa\u00f1\u00eda de tres masculinos, quienes lograron darse a la fuga del lugar. La UFI del Joven de la ciudad de [&hellip;]<\/p>\n","protected":false},"author":4,"featured_media":52671,"comment_status":"closed","ping_status":"closed","sticky":false,"template":"","format":"standard","meta":{"om_disable_all_campaigns":false,"_jetpack_memberships_contains_paid_content":false,"footnotes":""},"categories":[2,103],"tags":[197,33,95,19],"class_list":["post-117928","post","type-post","status-publish","format-standard","has-post-thumbnail","hentry","category-locales","category-policiales-locales","tag-buenos-aires","tag-locales","tag-policiales","tag-san-pedro"],"aioseo_notices":[],"gutentor_comment":0,"jetpack_featured_media_url":"https:\/\/eldiariodesanpedro.com.ar\/sitio\/wp-content\/uploads\/2019\/05\/Patrulla-Rural.jpg","jetpack_shortlink":"https:\/\/wp.me\/p6RhLt-uG4","jetpack_sharing_enabled":true,"_links":{"self":[{"href":"https:\/\/eldiariodesanpedro.com.ar\/sitio\/wp-json\/wp\/v2\/posts\/117928","targetHints":{"allow":["GET"]}}],"collection":[{"href":"https:\/\/eldiariodesanpedro.com.ar\/sitio\/wp-json\/wp\/v2\/posts"}],"about":[{"href":"https:\/\/eldiariodesanpedro.com.ar\/sitio\/wp-json\/wp\/v2\/types\/post"}],"author":[{"embeddable":true,"href":"https:\/\/eldiariodesanpedro.com.ar\/sitio\/wp-json\/wp\/v2\/users\/4"}],"replies":[{"embeddable":true,"href":"https:\/\/eldiariodesanpedro.com.ar\/sitio\/wp-json\/wp\/v2\/comments?post=117928"}],"version-history":[{"count":1,"href":"https:\/\/eldiariodesanpedro.com.ar\/sitio\/wp-json\/wp\/v2\/posts\/117928\/revisions"}],"predecessor-version":[{"id":117929,"href":"https:\/\/eldiariodesanpedro.com.ar\/sitio\/wp-json\/wp\/v2\/posts\/117928\/revisions\/117929"}],"wp:featuredmedia":[{"embeddable":true,"href":"https:\/\/eldiariodesanpedro.com.ar\/sitio\/wp-json\/wp\/v2\/media\/52671"}],"wp:attachment":[{"href":"https:\/\/eldiariodesanpedro.com.ar\/sitio\/wp-json\/wp\/v2\/media?parent=117928"}],"wp:term":[{"taxonomy":"category","embeddable":true,"href":"https:\/\/eldiariodesanpedro.com.ar\/sitio\/wp-json\/wp\/v2\/categories?post=117928"},{"taxonomy":"post_tag","embeddable":true,"href":"https:\/\/eldiariodesanpedro.com.ar\/sitio\/wp-json\/wp\/v2\/tags?post=117928"}],"curies":[{"name":"wp","href":"https:\/\/api.w.org\/{rel}","templated":true}]}}