{"id":117926,"date":"2023-05-08T20:35:42","date_gmt":"2023-05-08T23:35:42","guid":{"rendered":"https:\/\/eldiariodesanpedro.com.ar\/sitio\/?p=117926"},"modified":"2023-05-08T20:35:44","modified_gmt":"2023-05-08T23:35:44","slug":"victima-de-estefa-por-persona-que-se-hizo-pasar-por-operador-de-mercado-pago","status":"publish","type":"post","link":"https:\/\/eldiariodesanpedro.com.ar\/sitio\/victima-de-estefa-por-persona-que-se-hizo-pasar-por-operador-de-mercado-pago\/","title":{"rendered":"Victima de estefa por persona que se hizo pasar por operador de Mercado Pago"},"content":{"rendered":"<!-- VideographyWP Plugin Message: Automatic video embedding prevented by plugin options. -->\n\n<p>El pasado s\u00e1bado, un ciudadano de 52 a\u00f1os denunci\u00f3 haber sido v\u00edctima de una estafa a trav\u00e9s de la popular plataforma de pagos en l\u00ednea Mercado Pago. Seg\u00fan la denuncia, alrededor de las 5 de la tarde, el hombre recibi\u00f3 una llamada a trav\u00e9s de la red social WhatsApp de un individuo que se hizo pasar por un operador de la compa\u00f1\u00eda.<\/p>\n\n\n\n<p>Con un astuto enga\u00f1o, el estafador logr\u00f3 convencer al ciudadano para realizar tres transferencias a diferentes CBU, aunque a\u00fan se desconoce el monto total de la operaci\u00f3n fraudulenta.<\/p>\n\n\n\n<p>La investigaci\u00f3n de este caso est\u00e1 a cargo de la UFI 11 Local, la cual se encuentra trabajando en la identificaci\u00f3n y captura del delincuente responsable de esta estafa.<\/p>\n","protected":false},"excerpt":{"rendered":"<p>El pasado s\u00e1bado, un ciudadano de 52 a\u00f1os denunci\u00f3 haber sido v\u00edctima de una estafa a trav\u00e9s de la popular plataforma de pagos en l\u00ednea Mercado Pago. Seg\u00fan la denuncia, alrededor de las 5 de la tarde, el hombre recibi\u00f3 una llamada a trav\u00e9s de la red social WhatsApp de un individuo que se hizo [&hellip;]<\/p>\n","protected":false},"author":4,"featured_media":103679,"comment_status":"closed","ping_status":"closed","sticky":false,"template":"","format":"standard","meta":{"om_disable_all_campaigns":false,"_jetpack_memberships_contains_paid_content":false,"footnotes":""},"categories":[2,103],"tags":[197,33,95,19],"class_list":["post-117926","post","type-post","status-publish","format-standard","has-post-thumbnail","hentry","category-locales","category-policiales-locales","tag-buenos-aires","tag-locales","tag-policiales","tag-san-pedro"],"aioseo_notices":[],"gutentor_comment":0,"jetpack_featured_media_url":"https:\/\/eldiariodesanpedro.com.ar\/sitio\/wp-content\/uploads\/2022\/02\/comisaria_san_pedro.jpg","jetpack_shortlink":"https:\/\/wp.me\/p6RhLt-uG2","jetpack_sharing_enabled":true,"_links":{"self":[{"href":"https:\/\/eldiariodesanpedro.com.ar\/sitio\/wp-json\/wp\/v2\/posts\/117926","targetHints":{"allow":["GET"]}}],"collection":[{"href":"https:\/\/eldiariodesanpedro.com.ar\/sitio\/wp-json\/wp\/v2\/posts"}],"about":[{"href":"https:\/\/eldiariodesanpedro.com.ar\/sitio\/wp-json\/wp\/v2\/types\/post"}],"author":[{"embeddable":true,"href":"https:\/\/eldiariodesanpedro.com.ar\/sitio\/wp-json\/wp\/v2\/users\/4"}],"replies":[{"embeddable":true,"href":"https:\/\/eldiariodesanpedro.com.ar\/sitio\/wp-json\/wp\/v2\/comments?post=117926"}],"version-history":[{"count":1,"href":"https:\/\/eldiariodesanpedro.com.ar\/sitio\/wp-json\/wp\/v2\/posts\/117926\/revisions"}],"predecessor-version":[{"id":117927,"href":"https:\/\/eldiariodesanpedro.com.ar\/sitio\/wp-json\/wp\/v2\/posts\/117926\/revisions\/117927"}],"wp:featuredmedia":[{"embeddable":true,"href":"https:\/\/eldiariodesanpedro.com.ar\/sitio\/wp-json\/wp\/v2\/media\/103679"}],"wp:attachment":[{"href":"https:\/\/eldiariodesanpedro.com.ar\/sitio\/wp-json\/wp\/v2\/media?parent=117926"}],"wp:term":[{"taxonomy":"category","embeddable":true,"href":"https:\/\/eldiariodesanpedro.com.ar\/sitio\/wp-json\/wp\/v2\/categories?post=117926"},{"taxonomy":"post_tag","embeddable":true,"href":"https:\/\/eldiariodesanpedro.com.ar\/sitio\/wp-json\/wp\/v2\/tags?post=117926"}],"curies":[{"name":"wp","href":"https:\/\/api.w.org\/{rel}","templated":true}]}}