{"id":117903,"date":"2023-05-08T14:17:57","date_gmt":"2023-05-08T17:17:57","guid":{"rendered":"https:\/\/eldiariodesanpedro.com.ar\/sitio\/?p=117903"},"modified":"2023-05-08T14:30:55","modified_gmt":"2023-05-08T17:30:55","slug":"un-conductor-que-estaria-alcoholizado-colisiono-contra-una-camioneta-estacionada","status":"publish","type":"post","link":"https:\/\/eldiariodesanpedro.com.ar\/sitio\/un-conductor-que-estaria-alcoholizado-colisiono-contra-una-camioneta-estacionada\/","title":{"rendered":"Un conductor que estar\u00eda alcoholizado colisiono contra una camioneta estacionada"},"content":{"rendered":"<!-- VideographyWP Plugin Message: Automatic video embedding prevented by plugin options. -->\n\n<p>Este lunes al mediod\u00eda, un choque entre una moto y una camioneta marca Ford F-100 se produjo en la intersecci\u00f3n de Saavedra y Las Provincias. Seg\u00fan testigos presenciales, el conductor de la moto podr\u00eda estar bajo los efectos del alcohol al momento del accidente.<\/p>\n\n\n\n<p>El impacto de la moto contra la camioneta estacionada produjo lesiones en el conductor de la moto, quien debi\u00f3 ser asistido por el equipo m\u00e9dico del SAME y trasladado al nosocomio local para recibir tratamiento por las heridas sufridas. La ca\u00edda del motociclista a la cinta asf\u00e1ltica provoc\u00f3 lesiones adicionales.<\/p>\n\n\n\n<p>Las autoridades est\u00e1n investigando las circunstancias del accidente para determinar las causas exactas del choque y la posible influencia del alcohol en el conductor de la moto.<\/p>\n\n\n\n<p>#noticia #accidente #choque #moto #camioneta #alcohol #conductor #lesiones #SAME #tratamiento #investigaci\u00f3n #responsabilidad #seguridadvial<\/p>\n\n\n\n<figure class=\"wp-block-image size-large\"><img decoding=\"async\" width=\"1024\" height=\"575\" data-attachment-id=\"117909\" data-permalink=\"https:\/\/eldiariodesanpedro.com.ar\/sitio\/un-conductor-que-estaria-alcoholizado-colisiono-contra-una-camioneta-estacionada\/imagen-de-whatsapp-2023-05-08-a-las-13-23-48\/\" data-orig-file=\"https:\/\/eldiariodesanpedro.com.ar\/sitio\/wp-content\/uploads\/2023\/05\/Imagen-de-WhatsApp-2023-05-08-a-las-13.23.48.jpg\" data-orig-size=\"1121,630\" data-comments-opened=\"0\" data-image-meta=\"{&quot;aperture&quot;:&quot;0&quot;,&quot;credit&quot;:&quot;&quot;,&quot;camera&quot;:&quot;&quot;,&quot;caption&quot;:&quot;&quot;,&quot;created_timestamp&quot;:&quot;0&quot;,&quot;copyright&quot;:&quot;&quot;,&quot;focal_length&quot;:&quot;0&quot;,&quot;iso&quot;:&quot;0&quot;,&quot;shutter_speed&quot;:&quot;0&quot;,&quot;title&quot;:&quot;&quot;,&quot;orientation&quot;:&quot;0&quot;}\" data-image-title=\"Imagen de WhatsApp 2023-05-08 a las 13.23.48\" data-image-description=\"\" data-image-caption=\"\" data-large-file=\"https:\/\/eldiariodesanpedro.com.ar\/sitio\/wp-content\/uploads\/2023\/05\/Imagen-de-WhatsApp-2023-05-08-a-las-13.23.48-1024x575.jpg\" data-src=\"https:\/\/eldiariodesanpedro.com.ar\/sitio\/wp-content\/uploads\/2023\/05\/Imagen-de-WhatsApp-2023-05-08-a-las-13.23.48-1024x575.jpg\" alt=\"\" class=\"wp-image-117909 lazyload\" data-srcset=\"https:\/\/eldiariodesanpedro.com.ar\/sitio\/wp-content\/uploads\/2023\/05\/Imagen-de-WhatsApp-2023-05-08-a-las-13.23.48-1024x575.jpg 1024w, https:\/\/eldiariodesanpedro.com.ar\/sitio\/wp-content\/uploads\/2023\/05\/Imagen-de-WhatsApp-2023-05-08-a-las-13.23.48-300x169.jpg 300w, https:\/\/eldiariodesanpedro.com.ar\/sitio\/wp-content\/uploads\/2023\/05\/Imagen-de-WhatsApp-2023-05-08-a-las-13.23.48-768x432.jpg 768w, https:\/\/eldiariodesanpedro.com.ar\/sitio\/wp-content\/uploads\/2023\/05\/Imagen-de-WhatsApp-2023-05-08-a-las-13.23.48.jpg 1121w\" data-sizes=\"(max-width: 1024px) 100vw, 1024px\" src=\"data:image\/svg+xml;base64,PHN2ZyB3aWR0aD0iMSIgaGVpZ2h0PSIxIiB4bWxucz0iaHR0cDovL3d3dy53My5vcmcvMjAwMC9zdmciPjwvc3ZnPg==\" style=\"--smush-placeholder-width: 1024px; --smush-placeholder-aspect-ratio: 1024\/575;\" \/><\/figure>\n\n\n\n<figure class=\"wp-block-image size-large\"><img decoding=\"async\" width=\"1024\" height=\"575\" data-attachment-id=\"117910\" data-permalink=\"https:\/\/eldiariodesanpedro.com.ar\/sitio\/un-conductor-que-estaria-alcoholizado-colisiono-contra-una-camioneta-estacionada\/imagen-de-whatsapp-2023-05-08-a-las-13-23-47\/\" data-orig-file=\"https:\/\/eldiariodesanpedro.com.ar\/sitio\/wp-content\/uploads\/2023\/05\/Imagen-de-WhatsApp-2023-05-08-a-las-13.23.47.jpg\" data-orig-size=\"1121,630\" data-comments-opened=\"0\" data-image-meta=\"{&quot;aperture&quot;:&quot;0&quot;,&quot;credit&quot;:&quot;&quot;,&quot;camera&quot;:&quot;&quot;,&quot;caption&quot;:&quot;&quot;,&quot;created_timestamp&quot;:&quot;0&quot;,&quot;copyright&quot;:&quot;&quot;,&quot;focal_length&quot;:&quot;0&quot;,&quot;iso&quot;:&quot;0&quot;,&quot;shutter_speed&quot;:&quot;0&quot;,&quot;title&quot;:&quot;&quot;,&quot;orientation&quot;:&quot;0&quot;}\" data-image-title=\"Imagen de WhatsApp 2023-05-08 a las 13.23.47\" data-image-description=\"\" data-image-caption=\"\" data-large-file=\"https:\/\/eldiariodesanpedro.com.ar\/sitio\/wp-content\/uploads\/2023\/05\/Imagen-de-WhatsApp-2023-05-08-a-las-13.23.47-1024x575.jpg\" data-src=\"https:\/\/eldiariodesanpedro.com.ar\/sitio\/wp-content\/uploads\/2023\/05\/Imagen-de-WhatsApp-2023-05-08-a-las-13.23.47-1024x575.jpg\" alt=\"\" class=\"wp-image-117910 lazyload\" data-srcset=\"https:\/\/eldiariodesanpedro.com.ar\/sitio\/wp-content\/uploads\/2023\/05\/Imagen-de-WhatsApp-2023-05-08-a-las-13.23.47-1024x575.jpg 1024w, https:\/\/eldiariodesanpedro.com.ar\/sitio\/wp-content\/uploads\/2023\/05\/Imagen-de-WhatsApp-2023-05-08-a-las-13.23.47-300x169.jpg 300w, https:\/\/eldiariodesanpedro.com.ar\/sitio\/wp-content\/uploads\/2023\/05\/Imagen-de-WhatsApp-2023-05-08-a-las-13.23.47-768x432.jpg 768w, https:\/\/eldiariodesanpedro.com.ar\/sitio\/wp-content\/uploads\/2023\/05\/Imagen-de-WhatsApp-2023-05-08-a-las-13.23.47.jpg 1121w\" data-sizes=\"(max-width: 1024px) 100vw, 1024px\" src=\"data:image\/svg+xml;base64,PHN2ZyB3aWR0aD0iMSIgaGVpZ2h0PSIxIiB4bWxucz0iaHR0cDovL3d3dy53My5vcmcvMjAwMC9zdmciPjwvc3ZnPg==\" style=\"--smush-placeholder-width: 1024px; --smush-placeholder-aspect-ratio: 1024\/575;\" \/><\/figure>\n","protected":false},"excerpt":{"rendered":"<p>Este lunes al mediod\u00eda, un choque entre una moto y una camioneta marca Ford F-100 se produjo en la intersecci\u00f3n de Saavedra y Las Provincias. Seg\u00fan testigos presenciales, el conductor de la moto podr\u00eda estar bajo los efectos del alcohol al momento del accidente. El impacto de la moto contra la camioneta estacionada produjo lesiones [&hellip;]<\/p>\n","protected":false},"author":4,"featured_media":117907,"comment_status":"closed","ping_status":"closed","sticky":false,"template":"","format":"standard","meta":{"om_disable_all_campaigns":false,"_jetpack_memberships_contains_paid_content":false,"footnotes":""},"categories":[50,2,103],"tags":[24,3983,197,23,461,3731,696,3593,1507,30,3604,3619,1826,19,2761,3984],"class_list":["post-117903","post","type-post","status-publish","format-standard","has-post-thumbnail","hentry","category-destacadas","category-locales","category-policiales-locales","tag-accidente","tag-alcohol","tag-buenos-aires","tag-camioneta","tag-choque","tag-conductor","tag-interes-general","tag-investigacion-2","tag-lesiones","tag-moto","tag-noticia","tag-responsabilidad","tag-same","tag-san-pedro","tag-seguridad-vial","tag-tratamiento"],"aioseo_notices":[],"gutentor_comment":0,"jetpack_featured_media_url":"https:\/\/eldiariodesanpedro.com.ar\/sitio\/wp-content\/uploads\/2023\/05\/Imagen-de-WhatsApp-2023-05-08-a-las-13.23.472.jpg","jetpack_shortlink":"https:\/\/wp.me\/p6RhLt-uFF","jetpack_sharing_enabled":true,"_links":{"self":[{"href":"https:\/\/eldiariodesanpedro.com.ar\/sitio\/wp-json\/wp\/v2\/posts\/117903","targetHints":{"allow":["GET"]}}],"collection":[{"href":"https:\/\/eldiariodesanpedro.com.ar\/sitio\/wp-json\/wp\/v2\/posts"}],"about":[{"href":"https:\/\/eldiariodesanpedro.com.ar\/sitio\/wp-json\/wp\/v2\/types\/post"}],"author":[{"embeddable":true,"href":"https:\/\/eldiariodesanpedro.com.ar\/sitio\/wp-json\/wp\/v2\/users\/4"}],"replies":[{"embeddable":true,"href":"https:\/\/eldiariodesanpedro.com.ar\/sitio\/wp-json\/wp\/v2\/comments?post=117903"}],"version-history":[{"count":3,"href":"https:\/\/eldiariodesanpedro.com.ar\/sitio\/wp-json\/wp\/v2\/posts\/117903\/revisions"}],"predecessor-version":[{"id":117914,"href":"https:\/\/eldiariodesanpedro.com.ar\/sitio\/wp-json\/wp\/v2\/posts\/117903\/revisions\/117914"}],"wp:featuredmedia":[{"embeddable":true,"href":"https:\/\/eldiariodesanpedro.com.ar\/sitio\/wp-json\/wp\/v2\/media\/117907"}],"wp:attachment":[{"href":"https:\/\/eldiariodesanpedro.com.ar\/sitio\/wp-json\/wp\/v2\/media?parent=117903"}],"wp:term":[{"taxonomy":"category","embeddable":true,"href":"https:\/\/eldiariodesanpedro.com.ar\/sitio\/wp-json\/wp\/v2\/categories?post=117903"},{"taxonomy":"post_tag","embeddable":true,"href":"https:\/\/eldiariodesanpedro.com.ar\/sitio\/wp-json\/wp\/v2\/tags?post=117903"}],"curies":[{"name":"wp","href":"https:\/\/api.w.org\/{rel}","templated":true}]}}