{"id":117897,"date":"2023-05-08T13:57:54","date_gmt":"2023-05-08T16:57:54","guid":{"rendered":"https:\/\/eldiariodesanpedro.com.ar\/sitio\/?p=117897"},"modified":"2023-05-08T13:57:56","modified_gmt":"2023-05-08T16:57:56","slug":"une-mujer-embarazada-que-cruzaba-la-calle-fue-embestida-por-una-motociclista","status":"publish","type":"post","link":"https:\/\/eldiariodesanpedro.com.ar\/sitio\/une-mujer-embarazada-que-cruzaba-la-calle-fue-embestida-por-una-motociclista\/","title":{"rendered":"Une mujer embarazada que cruzaba la calle fue embestida por una motociclista"},"content":{"rendered":"<!-- VideographyWP Plugin Message: Automatic video embedding prevented by plugin options. -->\n\n<p>En el d\u00eda de hoy se registr\u00f3 un accidente de tr\u00e1nsito en la intersecci\u00f3n de Boulevard Moreno y Las Provincias, alrededor de las 13 horas. Seg\u00fan las informaciones, una motocicleta en la que circulaban dos j\u00f3venes colision\u00f3 con dos mujeres peatones que se encontraban cruzando la calle.<\/p>\n\n\n\n<p>Como resultado, las peatones fueron trasladadas al hospital local, una de ellas embarazada y la otra con traumatismo en la zona costal. Adem\u00e1s, la motociclista de 19 a\u00f1os tambi\u00e9n result\u00f3 herida y fue trasladada al hospital con un traumatismo en una de sus rodillas. Por el momento, se desconocen las causas del accidente y se est\u00e1n realizando las investigaciones correspondientes para determinarlas.<\/p>\n","protected":false},"excerpt":{"rendered":"<p>En el d\u00eda de hoy se registr\u00f3 un accidente de tr\u00e1nsito en la intersecci\u00f3n de Boulevard Moreno y Las Provincias, alrededor de las 13 horas. Seg\u00fan las informaciones, una motocicleta en la que circulaban dos j\u00f3venes colision\u00f3 con dos mujeres peatones que se encontraban cruzando la calle. Como resultado, las peatones fueron trasladadas al hospital [&hellip;]<\/p>\n","protected":false},"author":4,"featured_media":117900,"comment_status":"closed","ping_status":"closed","sticky":false,"template":"","format":"standard","meta":{"om_disable_all_campaigns":false,"_jetpack_memberships_contains_paid_content":false,"footnotes":""},"categories":[2,103],"tags":[],"class_list":["post-117897","post","type-post","status-publish","format-standard","has-post-thumbnail","hentry","category-locales","category-policiales-locales"],"aioseo_notices":[],"gutentor_comment":0,"jetpack_featured_media_url":"https:\/\/eldiariodesanpedro.com.ar\/sitio\/wp-content\/uploads\/2023\/05\/Imagen-de-WhatsApp-2023-05-08-a-las-13.29.212.jpg","jetpack_shortlink":"https:\/\/wp.me\/p6RhLt-uFz","jetpack_sharing_enabled":true,"_links":{"self":[{"href":"https:\/\/eldiariodesanpedro.com.ar\/sitio\/wp-json\/wp\/v2\/posts\/117897","targetHints":{"allow":["GET"]}}],"collection":[{"href":"https:\/\/eldiariodesanpedro.com.ar\/sitio\/wp-json\/wp\/v2\/posts"}],"about":[{"href":"https:\/\/eldiariodesanpedro.com.ar\/sitio\/wp-json\/wp\/v2\/types\/post"}],"author":[{"embeddable":true,"href":"https:\/\/eldiariodesanpedro.com.ar\/sitio\/wp-json\/wp\/v2\/users\/4"}],"replies":[{"embeddable":true,"href":"https:\/\/eldiariodesanpedro.com.ar\/sitio\/wp-json\/wp\/v2\/comments?post=117897"}],"version-history":[{"count":1,"href":"https:\/\/eldiariodesanpedro.com.ar\/sitio\/wp-json\/wp\/v2\/posts\/117897\/revisions"}],"predecessor-version":[{"id":117902,"href":"https:\/\/eldiariodesanpedro.com.ar\/sitio\/wp-json\/wp\/v2\/posts\/117897\/revisions\/117902"}],"wp:featuredmedia":[{"embeddable":true,"href":"https:\/\/eldiariodesanpedro.com.ar\/sitio\/wp-json\/wp\/v2\/media\/117900"}],"wp:attachment":[{"href":"https:\/\/eldiariodesanpedro.com.ar\/sitio\/wp-json\/wp\/v2\/media?parent=117897"}],"wp:term":[{"taxonomy":"category","embeddable":true,"href":"https:\/\/eldiariodesanpedro.com.ar\/sitio\/wp-json\/wp\/v2\/categories?post=117897"},{"taxonomy":"post_tag","embeddable":true,"href":"https:\/\/eldiariodesanpedro.com.ar\/sitio\/wp-json\/wp\/v2\/tags?post=117897"}],"curies":[{"name":"wp","href":"https:\/\/api.w.org\/{rel}","templated":true}]}}