{"id":117891,"date":"2023-05-08T11:41:27","date_gmt":"2023-05-08T14:41:27","guid":{"rendered":"https:\/\/eldiariodesanpedro.com.ar\/sitio\/?p=117891"},"modified":"2023-05-08T11:41:29","modified_gmt":"2023-05-08T14:41:29","slug":"bomberos-voluntarios-rescatan-a-perro-atrapado-en-la-escuela-normal","status":"publish","type":"post","link":"https:\/\/eldiariodesanpedro.com.ar\/sitio\/bomberos-voluntarios-rescatan-a-perro-atrapado-en-la-escuela-normal\/","title":{"rendered":"Bomberos voluntarios rescatan a perro atrapado en la escuela Normal"},"content":{"rendered":"<!-- VideographyWP Plugin Message: Automatic video embedding prevented by plugin options. -->\n\n<p>En una intervenci\u00f3n r\u00e1pida, una dotaci\u00f3n de Bomberos Voluntarios de San Pedro logr\u00f3 rescatar a un perro que se encontraba atrapado en el interior de la escuela Normal. El animal, que estaba en el primer piso, llam\u00f3 la atenci\u00f3n de los vecinos que notaron su presencia asom\u00e1ndose por una de las ventanas.<\/p>\n\n\n\n<p>Afortunadamente, el rescate fue exitoso y el perro fue liberado sin mayores problemas. Los bomberos utilizaron una escalera para llegar hasta donde estaba el animal y lograron socorrerlo de forma segura. Se trat\u00f3 de un hecho accidental, pero gracias a la r\u00e1pida acci\u00f3n de los bomberos voluntarios, el perro fue rescatado sano y salvo.<\/p>\n","protected":false},"excerpt":{"rendered":"<p>En una intervenci\u00f3n r\u00e1pida, una dotaci\u00f3n de Bomberos Voluntarios de San Pedro logr\u00f3 rescatar a un perro que se encontraba atrapado en el interior de la escuela Normal. El animal, que estaba en el primer piso, llam\u00f3 la atenci\u00f3n de los vecinos que notaron su presencia asom\u00e1ndose por una de las ventanas. Afortunadamente, el rescate [&hellip;]<\/p>\n","protected":false},"author":4,"featured_media":117892,"comment_status":"closed","ping_status":"closed","sticky":false,"template":"","format":"standard","meta":{"om_disable_all_campaigns":false,"_jetpack_memberships_contains_paid_content":false,"footnotes":""},"categories":[101,2],"tags":[738,981,3979,3978,696,3980,3615,3977,19,3584,3981],"class_list":["post-117891","post","type-post","status-publish","format-standard","has-post-thumbnail","hentry","category-interes-general-locales","category-locales","tag-bomberos","tag-bomberos-voluntarios","tag-emergencias","tag-escuela-normal","tag-interes-general","tag-intervencion-rapida","tag-perro","tag-rescate-de-animales","tag-san-pedro","tag-seguridad-ciudadana","tag-trabajo-voluntario"],"aioseo_notices":[],"gutentor_comment":0,"jetpack_featured_media_url":"https:\/\/eldiariodesanpedro.com.ar\/sitio\/wp-content\/uploads\/2023\/05\/0000021819-resized-1920x1080-1.jpg","jetpack_shortlink":"https:\/\/wp.me\/p6RhLt-uFt","jetpack_sharing_enabled":true,"_links":{"self":[{"href":"https:\/\/eldiariodesanpedro.com.ar\/sitio\/wp-json\/wp\/v2\/posts\/117891","targetHints":{"allow":["GET"]}}],"collection":[{"href":"https:\/\/eldiariodesanpedro.com.ar\/sitio\/wp-json\/wp\/v2\/posts"}],"about":[{"href":"https:\/\/eldiariodesanpedro.com.ar\/sitio\/wp-json\/wp\/v2\/types\/post"}],"author":[{"embeddable":true,"href":"https:\/\/eldiariodesanpedro.com.ar\/sitio\/wp-json\/wp\/v2\/users\/4"}],"replies":[{"embeddable":true,"href":"https:\/\/eldiariodesanpedro.com.ar\/sitio\/wp-json\/wp\/v2\/comments?post=117891"}],"version-history":[{"count":1,"href":"https:\/\/eldiariodesanpedro.com.ar\/sitio\/wp-json\/wp\/v2\/posts\/117891\/revisions"}],"predecessor-version":[{"id":117893,"href":"https:\/\/eldiariodesanpedro.com.ar\/sitio\/wp-json\/wp\/v2\/posts\/117891\/revisions\/117893"}],"wp:featuredmedia":[{"embeddable":true,"href":"https:\/\/eldiariodesanpedro.com.ar\/sitio\/wp-json\/wp\/v2\/media\/117892"}],"wp:attachment":[{"href":"https:\/\/eldiariodesanpedro.com.ar\/sitio\/wp-json\/wp\/v2\/media?parent=117891"}],"wp:term":[{"taxonomy":"category","embeddable":true,"href":"https:\/\/eldiariodesanpedro.com.ar\/sitio\/wp-json\/wp\/v2\/categories?post=117891"},{"taxonomy":"post_tag","embeddable":true,"href":"https:\/\/eldiariodesanpedro.com.ar\/sitio\/wp-json\/wp\/v2\/tags?post=117891"}],"curies":[{"name":"wp","href":"https:\/\/api.w.org\/{rel}","templated":true}]}}