{"id":117886,"date":"2023-05-08T11:24:22","date_gmt":"2023-05-08T14:24:22","guid":{"rendered":"https:\/\/eldiariodesanpedro.com.ar\/sitio\/?p=117886"},"modified":"2023-05-08T11:24:24","modified_gmt":"2023-05-08T14:24:24","slug":"presentacion-de-la-fiesta-de-la-ensaimada-en-el-ciclo-gustar","status":"publish","type":"post","link":"https:\/\/eldiariodesanpedro.com.ar\/sitio\/presentacion-de-la-fiesta-de-la-ensaimada-en-el-ciclo-gustar\/","title":{"rendered":"Presentaci\u00f3n de la Fiesta de la Ensaimada en el ciclo GustAR"},"content":{"rendered":"<!-- VideographyWP Plugin Message: Automatic video embedding prevented by plugin options. -->\n\n<p>La Municipalidad de San Pedro, a trav\u00e9s de la Secretar\u00eda de Turismo y Cultura y la Agrupaci\u00f3n Mallorca, participaron este domingo de la presentaci\u00f3n organizada por el programa GustAR impulsado por los Ministerios de Cultura, Turismo y Deportes y Agricultura, Ganader\u00eda y Pesca de la Naci\u00f3n junto a la Fundaci\u00f3n ArgenINTA.<\/p>\n\n\n\n<p>En el Centro Cultural Kirchner y en el ciclo Cocina Abierta se brindaron charlas y presentaciones sobre propuestas gastron\u00f3micas de la regi\u00f3n pampeana y dentro de ellas, San Pedro tuvo la oportunidad de hacer lo propio con las especialidades mallorquinas.<\/p>\n\n\n\n<p>La Secretaria de Turismo y Cultura, Mariela L\u00f3pez y el Presidente de la Agrupaci\u00f3n Mallorca, Daniel Gay\u00e1, junto a integrantes de la comisi\u00f3n local, presentaron la 20\u00ba edici\u00f3n de la Fiesta Nacional de la Ensaimada (19, 20 y 21 de agosto) con degustaci\u00f3n para el p\u00fablico.<\/p>\n\n\n\n<p>La maestra pastelera Nancy Julia realiz\u00f3 la demostraci\u00f3n y elaboraci\u00f3n de la ensaimada mallorquina, rellena con crema pastelera, tradicional confitura mallorquina de producci\u00f3n sampedrina, coincidiendo con los 20 a\u00f1os de la Fiesta Nacional de la Ensaimada.<\/p>\n\n\n\n<p>La estrella de la tarde fue la elaboraci\u00f3n de una ensaimada, con sobrasada y miel, productos de nuestra ciudad. El p\u00fablico presente pudo degustar dicho manjar y adem\u00e1s escuchar una charla informativa sobre el viaje de la Ensaimada desde Mallorca a San Pedro dada por Juan Manuel Gomila\u00a0y\u00a0Cati\u00a0Cobas.<\/p>\n\n\n\n<figure class=\"wp-block-image size-full\"><img decoding=\"async\" width=\"473\" height=\"630\" data-attachment-id=\"117888\" data-permalink=\"https:\/\/eldiariodesanpedro.com.ar\/sitio\/presentacion-de-la-fiesta-de-la-ensaimada-en-el-ciclo-gustar\/imagen-de-whatsapp-2023-05-08-a-las-11-05-48\/\" data-orig-file=\"https:\/\/eldiariodesanpedro.com.ar\/sitio\/wp-content\/uploads\/2023\/05\/Imagen-de-WhatsApp-2023-05-08-a-las-11.05.48.jpg\" data-orig-size=\"473,630\" data-comments-opened=\"0\" data-image-meta=\"{&quot;aperture&quot;:&quot;0&quot;,&quot;credit&quot;:&quot;&quot;,&quot;camera&quot;:&quot;&quot;,&quot;caption&quot;:&quot;&quot;,&quot;created_timestamp&quot;:&quot;0&quot;,&quot;copyright&quot;:&quot;&quot;,&quot;focal_length&quot;:&quot;0&quot;,&quot;iso&quot;:&quot;0&quot;,&quot;shutter_speed&quot;:&quot;0&quot;,&quot;title&quot;:&quot;&quot;,&quot;orientation&quot;:&quot;0&quot;}\" data-image-title=\"Imagen de WhatsApp 2023-05-08 a las 11.05.48\" data-image-description=\"\" data-image-caption=\"\" data-large-file=\"https:\/\/eldiariodesanpedro.com.ar\/sitio\/wp-content\/uploads\/2023\/05\/Imagen-de-WhatsApp-2023-05-08-a-las-11.05.48.jpg\" data-src=\"https:\/\/eldiariodesanpedro.com.ar\/sitio\/wp-content\/uploads\/2023\/05\/Imagen-de-WhatsApp-2023-05-08-a-las-11.05.48.jpg\" alt=\"\" class=\"wp-image-117888 lazyload\" data-srcset=\"https:\/\/eldiariodesanpedro.com.ar\/sitio\/wp-content\/uploads\/2023\/05\/Imagen-de-WhatsApp-2023-05-08-a-las-11.05.48.jpg 473w, https:\/\/eldiariodesanpedro.com.ar\/sitio\/wp-content\/uploads\/2023\/05\/Imagen-de-WhatsApp-2023-05-08-a-las-11.05.48-225x300.jpg 225w\" data-sizes=\"(max-width: 473px) 100vw, 473px\" src=\"data:image\/svg+xml;base64,PHN2ZyB3aWR0aD0iMSIgaGVpZ2h0PSIxIiB4bWxucz0iaHR0cDovL3d3dy53My5vcmcvMjAwMC9zdmciPjwvc3ZnPg==\" style=\"--smush-placeholder-width: 473px; --smush-placeholder-aspect-ratio: 473\/630;\" \/><\/figure>\n\n\n\n<figure class=\"wp-block-image size-full\"><img decoding=\"async\" width=\"473\" height=\"630\" data-attachment-id=\"117889\" data-permalink=\"https:\/\/eldiariodesanpedro.com.ar\/sitio\/presentacion-de-la-fiesta-de-la-ensaimada-en-el-ciclo-gustar\/imagen-de-whatsapp-2023-05-08-a-las-11-05-49\/\" data-orig-file=\"https:\/\/eldiariodesanpedro.com.ar\/sitio\/wp-content\/uploads\/2023\/05\/Imagen-de-WhatsApp-2023-05-08-a-las-11.05.49.jpg\" data-orig-size=\"473,630\" data-comments-opened=\"0\" data-image-meta=\"{&quot;aperture&quot;:&quot;0&quot;,&quot;credit&quot;:&quot;&quot;,&quot;camera&quot;:&quot;&quot;,&quot;caption&quot;:&quot;&quot;,&quot;created_timestamp&quot;:&quot;0&quot;,&quot;copyright&quot;:&quot;&quot;,&quot;focal_length&quot;:&quot;0&quot;,&quot;iso&quot;:&quot;0&quot;,&quot;shutter_speed&quot;:&quot;0&quot;,&quot;title&quot;:&quot;&quot;,&quot;orientation&quot;:&quot;0&quot;}\" data-image-title=\"Imagen de WhatsApp 2023-05-08 a las 11.05.49\" data-image-description=\"\" data-image-caption=\"\" data-large-file=\"https:\/\/eldiariodesanpedro.com.ar\/sitio\/wp-content\/uploads\/2023\/05\/Imagen-de-WhatsApp-2023-05-08-a-las-11.05.49.jpg\" data-src=\"https:\/\/eldiariodesanpedro.com.ar\/sitio\/wp-content\/uploads\/2023\/05\/Imagen-de-WhatsApp-2023-05-08-a-las-11.05.49.jpg\" alt=\"\" class=\"wp-image-117889 lazyload\" data-srcset=\"https:\/\/eldiariodesanpedro.com.ar\/sitio\/wp-content\/uploads\/2023\/05\/Imagen-de-WhatsApp-2023-05-08-a-las-11.05.49.jpg 473w, https:\/\/eldiariodesanpedro.com.ar\/sitio\/wp-content\/uploads\/2023\/05\/Imagen-de-WhatsApp-2023-05-08-a-las-11.05.49-225x300.jpg 225w\" data-sizes=\"(max-width: 473px) 100vw, 473px\" src=\"data:image\/svg+xml;base64,PHN2ZyB3aWR0aD0iMSIgaGVpZ2h0PSIxIiB4bWxucz0iaHR0cDovL3d3dy53My5vcmcvMjAwMC9zdmciPjwvc3ZnPg==\" style=\"--smush-placeholder-width: 473px; --smush-placeholder-aspect-ratio: 473\/630;\" \/><\/figure>\n","protected":false},"excerpt":{"rendered":"<p>La Municipalidad de San Pedro, a trav\u00e9s de la Secretar\u00eda de Turismo y Cultura y la Agrupaci\u00f3n Mallorca, participaron este domingo de la presentaci\u00f3n organizada por el programa GustAR impulsado por los Ministerios de Cultura, Turismo y Deportes y Agricultura, Ganader\u00eda y Pesca de la Naci\u00f3n junto a la Fundaci\u00f3n ArgenINTA. En el Centro Cultural [&hellip;]<\/p>\n","protected":false},"author":4,"featured_media":117887,"comment_status":"closed","ping_status":"closed","sticky":false,"template":"","format":"standard","meta":{"om_disable_all_campaigns":false,"_jetpack_memberships_contains_paid_content":false,"footnotes":""},"categories":[50,101,2],"tags":[197,696,33,19],"class_list":["post-117886","post","type-post","status-publish","format-standard","has-post-thumbnail","hentry","category-destacadas","category-interes-general-locales","category-locales","tag-buenos-aires","tag-interes-general","tag-locales","tag-san-pedro"],"aioseo_notices":[],"gutentor_comment":0,"jetpack_featured_media_url":"https:\/\/eldiariodesanpedro.com.ar\/sitio\/wp-content\/uploads\/2023\/05\/Imagen-de-WhatsApp-2023-05-08-a-las-11.05.47.jpg","jetpack_shortlink":"https:\/\/wp.me\/p6RhLt-uFo","jetpack_sharing_enabled":true,"_links":{"self":[{"href":"https:\/\/eldiariodesanpedro.com.ar\/sitio\/wp-json\/wp\/v2\/posts\/117886","targetHints":{"allow":["GET"]}}],"collection":[{"href":"https:\/\/eldiariodesanpedro.com.ar\/sitio\/wp-json\/wp\/v2\/posts"}],"about":[{"href":"https:\/\/eldiariodesanpedro.com.ar\/sitio\/wp-json\/wp\/v2\/types\/post"}],"author":[{"embeddable":true,"href":"https:\/\/eldiariodesanpedro.com.ar\/sitio\/wp-json\/wp\/v2\/users\/4"}],"replies":[{"embeddable":true,"href":"https:\/\/eldiariodesanpedro.com.ar\/sitio\/wp-json\/wp\/v2\/comments?post=117886"}],"version-history":[{"count":1,"href":"https:\/\/eldiariodesanpedro.com.ar\/sitio\/wp-json\/wp\/v2\/posts\/117886\/revisions"}],"predecessor-version":[{"id":117890,"href":"https:\/\/eldiariodesanpedro.com.ar\/sitio\/wp-json\/wp\/v2\/posts\/117886\/revisions\/117890"}],"wp:featuredmedia":[{"embeddable":true,"href":"https:\/\/eldiariodesanpedro.com.ar\/sitio\/wp-json\/wp\/v2\/media\/117887"}],"wp:attachment":[{"href":"https:\/\/eldiariodesanpedro.com.ar\/sitio\/wp-json\/wp\/v2\/media?parent=117886"}],"wp:term":[{"taxonomy":"category","embeddable":true,"href":"https:\/\/eldiariodesanpedro.com.ar\/sitio\/wp-json\/wp\/v2\/categories?post=117886"},{"taxonomy":"post_tag","embeddable":true,"href":"https:\/\/eldiariodesanpedro.com.ar\/sitio\/wp-json\/wp\/v2\/tags?post=117886"}],"curies":[{"name":"wp","href":"https:\/\/api.w.org\/{rel}","templated":true}]}}