{"id":117881,"date":"2023-05-08T11:15:24","date_gmt":"2023-05-08T14:15:24","guid":{"rendered":"https:\/\/eldiariodesanpedro.com.ar\/sitio\/?p=117881"},"modified":"2023-05-08T11:15:26","modified_gmt":"2023-05-08T14:15:26","slug":"accidente-de-transito-mujer-resulta-herida-tras-colision-en-moto","status":"publish","type":"post","link":"https:\/\/eldiariodesanpedro.com.ar\/sitio\/accidente-de-transito-mujer-resulta-herida-tras-colision-en-moto\/","title":{"rendered":"Accidente de tr\u00e1nsito: mujer  resulta herida tras colisi\u00f3n en moto"},"content":{"rendered":"<!-- VideographyWP Plugin Message: Automatic video embedding prevented by plugin options. -->\n\n<p>En la ma\u00f1ana del lunes se produjo un accidente de tr\u00e1nsito en la esquina de Ruiz Moreno y Gomendio en la ciudad de Buenos Aires. Una mujer de alrededor de 70 a\u00f1os result\u00f3 herida luego de colisionar su motocicleta tipo Scooter contra un autom\u00f3vil Ford Mondeo color blanco conducido por un ciudadano mayor de edad.<\/p>\n\n\n\n<p>A pesar de la colisi\u00f3n, afortunadamente no se reportaron heridas graves. La mujer, que sufri\u00f3 lesiones en el incidente, logr\u00f3 caminar por sus propios medios hasta la ambulancia del SAME, donde fue trasladada al hospital local para recibir tratamiento m\u00e9dico.<\/p>\n\n\n\n<p>#accidentedetr\u00e1nsito #seguridadvial #BuenosAires #motocicleta #autom\u00f3vil #lesionados #ambulancia #SAME #hospital #normasdetr\u00e1nsito.<\/p>\n\n\n\n<iframe data-src=\"https:\/\/www.facebook.com\/plugins\/video.php?height=314&#038;href=https%3A%2F%2Fwww.facebook.com%2Fdiariosp2%2Fvideos%2F212758524832991%2F&#038;show_text=false&#038;width=560&#038;t=0\" width=\"560\" height=\"314\" style=\"border:none;overflow:hidden\" scrolling=\"no\" frameborder=\"0\" allowfullscreen=\"true\" allow=\"autoplay; clipboard-write; encrypted-media; picture-in-picture; web-share\" allowFullScreen=\"true\" src=\"data:image\/svg+xml;base64,PHN2ZyB3aWR0aD0iMSIgaGVpZ2h0PSIxIiB4bWxucz0iaHR0cDovL3d3dy53My5vcmcvMjAwMC9zdmciPjwvc3ZnPg==\" class=\"lazyload\" data-load-mode=\"1\"><\/iframe>\n","protected":false},"excerpt":{"rendered":"<p>En la ma\u00f1ana del lunes se produjo un accidente de tr\u00e1nsito en la esquina de Ruiz Moreno y Gomendio en la ciudad de Buenos Aires. Una mujer de alrededor de 70 a\u00f1os result\u00f3 herida luego de colisionar su motocicleta tipo Scooter contra un autom\u00f3vil Ford Mondeo color blanco conducido por un ciudadano mayor de edad. [&hellip;]<\/p>\n","protected":false},"author":4,"featured_media":117883,"comment_status":"closed","ping_status":"closed","sticky":false,"template":"","format":"standard","meta":{"om_disable_all_campaigns":false,"_jetpack_memberships_contains_paid_content":false,"footnotes":""},"categories":[2,103],"tags":[3612,1016,3624,197,634,355,33,1068,3723,95,1826,19,2761],"class_list":["post-117881","post","type-post","status-publish","format-standard","has-post-thumbnail","hentry","category-locales","category-policiales-locales","tag-accidente-de-transito-2","tag-ambulancia","tag-automovil-2","tag-buenos-aires","tag-hospital","tag-lesionados","tag-locales","tag-motocicleta","tag-normas-de-transito","tag-policiales","tag-same","tag-san-pedro","tag-seguridad-vial"],"aioseo_notices":[],"gutentor_comment":0,"jetpack_featured_media_url":"https:\/\/eldiariodesanpedro.com.ar\/sitio\/wp-content\/uploads\/2023\/05\/Imagen-de-WhatsApp-2023-05-08-a-las-10.48.012.jpg","jetpack_shortlink":"https:\/\/wp.me\/p6RhLt-uFj","jetpack_sharing_enabled":true,"_links":{"self":[{"href":"https:\/\/eldiariodesanpedro.com.ar\/sitio\/wp-json\/wp\/v2\/posts\/117881","targetHints":{"allow":["GET"]}}],"collection":[{"href":"https:\/\/eldiariodesanpedro.com.ar\/sitio\/wp-json\/wp\/v2\/posts"}],"about":[{"href":"https:\/\/eldiariodesanpedro.com.ar\/sitio\/wp-json\/wp\/v2\/types\/post"}],"author":[{"embeddable":true,"href":"https:\/\/eldiariodesanpedro.com.ar\/sitio\/wp-json\/wp\/v2\/users\/4"}],"replies":[{"embeddable":true,"href":"https:\/\/eldiariodesanpedro.com.ar\/sitio\/wp-json\/wp\/v2\/comments?post=117881"}],"version-history":[{"count":1,"href":"https:\/\/eldiariodesanpedro.com.ar\/sitio\/wp-json\/wp\/v2\/posts\/117881\/revisions"}],"predecessor-version":[{"id":117884,"href":"https:\/\/eldiariodesanpedro.com.ar\/sitio\/wp-json\/wp\/v2\/posts\/117881\/revisions\/117884"}],"wp:featuredmedia":[{"embeddable":true,"href":"https:\/\/eldiariodesanpedro.com.ar\/sitio\/wp-json\/wp\/v2\/media\/117883"}],"wp:attachment":[{"href":"https:\/\/eldiariodesanpedro.com.ar\/sitio\/wp-json\/wp\/v2\/media?parent=117881"}],"wp:term":[{"taxonomy":"category","embeddable":true,"href":"https:\/\/eldiariodesanpedro.com.ar\/sitio\/wp-json\/wp\/v2\/categories?post=117881"},{"taxonomy":"post_tag","embeddable":true,"href":"https:\/\/eldiariodesanpedro.com.ar\/sitio\/wp-json\/wp\/v2\/tags?post=117881"}],"curies":[{"name":"wp","href":"https:\/\/api.w.org\/{rel}","templated":true}]}}