{"id":117878,"date":"2023-05-08T10:53:30","date_gmt":"2023-05-08T13:53:30","guid":{"rendered":"https:\/\/eldiariodesanpedro.com.ar\/sitio\/?p=117878"},"modified":"2023-05-08T10:53:31","modified_gmt":"2023-05-08T13:53:31","slug":"nueva-jornada-de-recepcion-de-envases-vacios-de-fitosanitarios-en-inta-san-pedro","status":"publish","type":"post","link":"https:\/\/eldiariodesanpedro.com.ar\/sitio\/nueva-jornada-de-recepcion-de-envases-vacios-de-fitosanitarios-en-inta-san-pedro\/","title":{"rendered":"Nueva Jornada de recepci\u00f3n de envases vac\u00edos de fitosanitarios en INTA San Pedro"},"content":{"rendered":"<!-- VideographyWP Plugin Message: Automatic video embedding prevented by plugin options. -->\n\n<p>Se trata de una acci\u00f3n conjunta de la Municipalidad de San Pedro, el Ministerio de Ambiente de la Provincia de Buenos Aires y Campo Limpio. En las cuatro ocasiones anteriores se han retirado en total m\u00e1s de 30 mil envases y se ha consolidado la valoraci\u00f3n de este proceso como parte de la responsabilidad del productor.<\/p>\n\n\n\n<p>Adem\u00e1s, se ha sumado un CAT y se han realizado campa\u00f1as semejantes en partidos vecinos. La acci\u00f3n aporta al cumplimiento de la Ley Nacional N\u00b0 27279 de gesti\u00f3n de envases vac\u00edos de fitosanitarios. La convocatoria es el mi\u00e9rcoles 10 de mayo de 9 a 16 hs. Los envases deber\u00e1n llegar con las t\u00e9cnicas del triple lavado o lavado a presi\u00f3n y perforados en su base. La iniciativa est\u00e1 dirigida a quienes producen de forma intensiva y extensiva que cuenten con envases vac\u00edos utilizados en su actividad.<\/p>\n\n\n\n<p>INVITAN:<br>Campo limpio para Buenos Aires Norte &#8211; Campo Limpio Argentina &#8211; Secretaria de Desarrollo Econ\u00f3mico &#8211; Municipalidad de San Pedro &#8211; Ministerio de Ambiente de la Provincia de Buenos Aires &#8211; Sofeva Soluciones SAS &#8211; Sociedad Rural de Baradero &#8211; Sociedad Rural de San Pedro &#8211; C\u00e1mara&nbsp;de&nbsp;Viveristas.<\/p>\n","protected":false},"excerpt":{"rendered":"<p>Se trata de una acci\u00f3n conjunta de la Municipalidad de San Pedro, el Ministerio de Ambiente de la Provincia de Buenos Aires y Campo Limpio. En las cuatro ocasiones anteriores se han retirado en total m\u00e1s de 30 mil envases y se ha consolidado la valoraci\u00f3n de este proceso como parte de la responsabilidad del [&hellip;]<\/p>\n","protected":false},"author":4,"featured_media":117879,"comment_status":"closed","ping_status":"closed","sticky":false,"template":"","format":"standard","meta":{"om_disable_all_campaigns":false,"_jetpack_memberships_contains_paid_content":false,"footnotes":""},"categories":[101,2],"tags":[197,696,3976,19],"class_list":["post-117878","post","type-post","status-publish","format-standard","has-post-thumbnail","hentry","category-interes-general-locales","category-locales","tag-buenos-aires","tag-interes-general","tag-nueva-jornada-de-recepcion-de-envases-vacios-de-fitosanitarios-en-inta-san-pedro","tag-san-pedro"],"aioseo_notices":[],"gutentor_comment":0,"jetpack_featured_media_url":"https:\/\/eldiariodesanpedro.com.ar\/sitio\/wp-content\/uploads\/2023\/05\/medida-10.png","jetpack_shortlink":"https:\/\/wp.me\/p6RhLt-uFg","jetpack_sharing_enabled":true,"_links":{"self":[{"href":"https:\/\/eldiariodesanpedro.com.ar\/sitio\/wp-json\/wp\/v2\/posts\/117878","targetHints":{"allow":["GET"]}}],"collection":[{"href":"https:\/\/eldiariodesanpedro.com.ar\/sitio\/wp-json\/wp\/v2\/posts"}],"about":[{"href":"https:\/\/eldiariodesanpedro.com.ar\/sitio\/wp-json\/wp\/v2\/types\/post"}],"author":[{"embeddable":true,"href":"https:\/\/eldiariodesanpedro.com.ar\/sitio\/wp-json\/wp\/v2\/users\/4"}],"replies":[{"embeddable":true,"href":"https:\/\/eldiariodesanpedro.com.ar\/sitio\/wp-json\/wp\/v2\/comments?post=117878"}],"version-history":[{"count":1,"href":"https:\/\/eldiariodesanpedro.com.ar\/sitio\/wp-json\/wp\/v2\/posts\/117878\/revisions"}],"predecessor-version":[{"id":117880,"href":"https:\/\/eldiariodesanpedro.com.ar\/sitio\/wp-json\/wp\/v2\/posts\/117878\/revisions\/117880"}],"wp:featuredmedia":[{"embeddable":true,"href":"https:\/\/eldiariodesanpedro.com.ar\/sitio\/wp-json\/wp\/v2\/media\/117879"}],"wp:attachment":[{"href":"https:\/\/eldiariodesanpedro.com.ar\/sitio\/wp-json\/wp\/v2\/media?parent=117878"}],"wp:term":[{"taxonomy":"category","embeddable":true,"href":"https:\/\/eldiariodesanpedro.com.ar\/sitio\/wp-json\/wp\/v2\/categories?post=117878"},{"taxonomy":"post_tag","embeddable":true,"href":"https:\/\/eldiariodesanpedro.com.ar\/sitio\/wp-json\/wp\/v2\/tags?post=117878"}],"curies":[{"name":"wp","href":"https:\/\/api.w.org\/{rel}","templated":true}]}}