{"id":117875,"date":"2023-05-08T10:24:12","date_gmt":"2023-05-08T13:24:12","guid":{"rendered":"https:\/\/eldiariodesanpedro.com.ar\/sitio\/?p=117875"},"modified":"2023-05-08T10:24:13","modified_gmt":"2023-05-08T13:24:13","slug":"ciberestafas-se-hicieron-70-allanamientos-uno-en-san-pedro","status":"publish","type":"post","link":"https:\/\/eldiariodesanpedro.com.ar\/sitio\/ciberestafas-se-hicieron-70-allanamientos-uno-en-san-pedro\/","title":{"rendered":"Ciberestafas: Se hicieron 70 allanamientos, uno en San Pedro"},"content":{"rendered":"<!-- VideographyWP Plugin Message: Automatic video embedding prevented by plugin options. -->\n\n<p>Un operativo conjunto de las fiscal\u00edas de la Provincia por delitos de ciberestafas se desarroll\u00f3 este jueves en diferentes ciudades bonaerenses.<\/p>\n\n\n\n<p>De acuerdo con lo informado por fuentes oficiales, se llevaron a cabo setenta allanamientos simult\u00e1neos que -adem\u00e1s- se hicieron extensivos a localidades de todo el pa\u00eds, \u00aben el marco de investigaciones por ciberestafas que, se calcula, habr\u00edan generado un perjuicio econ\u00f3mico de m\u00e1s de 25.000.000 de pesos\u00bb.<\/p>\n\n\n\n<p>Lo referido indicaba tambi\u00e9n que en estos procedimientos \u00abse logr\u00f3 el secuestro de una suma importante de dinero en efectivo -pesos y d\u00f3lares norteamericanos- computadoras, tel\u00e9fonos celulares, tarjetas de memoria, pendrives, tarjetas SIM (chips para celulares), tarjetas de cr\u00e9dito y d\u00e9bito y armas de fuego\u00bb, report\u00e1ndose adem\u00e1s un total de cincuenta personas \u00abidentificadas y detenidas\u00bb por los delitos materia de este operativo, llamado \u00abHermes 2023\u00bb.<\/p>\n\n\n\n<p>\u00abLas investigaciones iniciadas por denuncias ante el Ministerio P\u00fablico Fiscal de la provincia de Buenos Aires constituyen en su mayor\u00eda maniobras de &#8216;phishing&#8217; e ingenier\u00eda social que dieron lugar a operaciones bancarias fraudulentas denunciadas por el Banco Provincia, instituci\u00f3n que desde el primer momento colabor\u00f3 con la justicia para desentra\u00f1ar las maniobras y dar con los sospechosos\u00bb, se inform\u00f3.<\/p>\n\n\n\n<p>Los allanamientos se concretaron en San Pedro, Bah\u00eda Blanca, Florencio Varela, Del Viso, Dock Sud, Avellaneda, Ituzaing\u00f3, La Plata, Moreno, Olivos, Vicente L\u00f3pez, Pehuaj\u00f3, San Martin, San Vicente, Santa Teresita, Luzuriaga y Tolosa, Barrios Los Boulevares, Muller, Cosquin, Rio Tercero y Cruz del Eje de C\u00f3rdoba y C\u00f3rdoba Capital. Tambi\u00e9n, en Pocitos de San Juan, Bermejo de Chaco, CABA, Ca\u00f1ada de G\u00f3mez de Santa Fe, Cerrillos de Salta y Jos\u00e9 D\u00edaz de Mendoza.<\/p>\n\n\n\n<p>La labor de investigaci\u00f3n estuvo a cargo de quince de los fiscales de la provincia de Buenos Aires, entre los cuales se hizo menci\u00f3n a Lucas Moyano.<\/p>\n\n\n\n<p>El actual titular de la UFI 22 lleva adelante investigaciones por il\u00edcitos de estas caracter\u00edsticas que hab\u00edan tenido como damnificados a vecinos domiciliados en Tapalqu\u00e9 y Tandil.<\/p>\n\n\n\n<p>Relacionados con las tramitaciones de esas causas por parte del funcionario judicial a cargo de la Unidad Funcional de Instrucci\u00f3n n\u00famero 22 con sede en los tribunales de Azul se hab\u00edan hecho allanamientos en las ciudades de Bah\u00eda Blanca y Moreno, refiri\u00f3 un vocero judicial.<\/p>\n\n\n\n<p>\u00abAsimismo, fue sumamente importante para el \u00e9xito del operativo la colaboraci\u00f3n de los jueces de Garant\u00edas de la provincia de Buenos Aires, de los jueces de Control de las provincias de C\u00f3rdoba, Jujuy, Mendoza, Chaco, Formosa, Salta, Santa Fe, San Juan y CABA y del equipo de analistas de la Unidad de An\u00e1lisis e Investigaci\u00f3n Digital de la Polic\u00eda Judicial del Ministerio P\u00fablico de la provincia de Buenos Aires\u00bb, se consign\u00f3 tambi\u00e9n en un reporte difundido desde la Fiscal\u00eda General del Departamento judicial de Azul.<\/p>\n\n\n\n<p>Fuente: El Tiempo<\/p>\n","protected":false},"excerpt":{"rendered":"<p>Un operativo conjunto de las fiscal\u00edas de la Provincia por delitos de ciberestafas se desarroll\u00f3 este jueves en diferentes ciudades bonaerenses. De acuerdo con lo informado por fuentes oficiales, se llevaron a cabo setenta allanamientos simult\u00e1neos que -adem\u00e1s- se hicieron extensivos a localidades de todo el pa\u00eds, \u00aben el marco de investigaciones por ciberestafas que, [&hellip;]<\/p>\n","protected":false},"author":4,"featured_media":117876,"comment_status":"closed","ping_status":"closed","sticky":false,"template":"","format":"standard","meta":{"om_disable_all_campaigns":false,"_jetpack_memberships_contains_paid_content":false,"footnotes":""},"categories":[50,101,2],"tags":[197,33,95,19],"class_list":["post-117875","post","type-post","status-publish","format-standard","has-post-thumbnail","hentry","category-destacadas","category-interes-general-locales","category-locales","tag-buenos-aires","tag-locales","tag-policiales","tag-san-pedro"],"aioseo_notices":[],"gutentor_comment":0,"jetpack_featured_media_url":"https:\/\/eldiariodesanpedro.com.ar\/sitio\/wp-content\/uploads\/2023\/05\/0000021816-resized-1920x1080-1.jpg","jetpack_shortlink":"https:\/\/wp.me\/p6RhLt-uFd","jetpack_sharing_enabled":true,"_links":{"self":[{"href":"https:\/\/eldiariodesanpedro.com.ar\/sitio\/wp-json\/wp\/v2\/posts\/117875","targetHints":{"allow":["GET"]}}],"collection":[{"href":"https:\/\/eldiariodesanpedro.com.ar\/sitio\/wp-json\/wp\/v2\/posts"}],"about":[{"href":"https:\/\/eldiariodesanpedro.com.ar\/sitio\/wp-json\/wp\/v2\/types\/post"}],"author":[{"embeddable":true,"href":"https:\/\/eldiariodesanpedro.com.ar\/sitio\/wp-json\/wp\/v2\/users\/4"}],"replies":[{"embeddable":true,"href":"https:\/\/eldiariodesanpedro.com.ar\/sitio\/wp-json\/wp\/v2\/comments?post=117875"}],"version-history":[{"count":1,"href":"https:\/\/eldiariodesanpedro.com.ar\/sitio\/wp-json\/wp\/v2\/posts\/117875\/revisions"}],"predecessor-version":[{"id":117877,"href":"https:\/\/eldiariodesanpedro.com.ar\/sitio\/wp-json\/wp\/v2\/posts\/117875\/revisions\/117877"}],"wp:featuredmedia":[{"embeddable":true,"href":"https:\/\/eldiariodesanpedro.com.ar\/sitio\/wp-json\/wp\/v2\/media\/117876"}],"wp:attachment":[{"href":"https:\/\/eldiariodesanpedro.com.ar\/sitio\/wp-json\/wp\/v2\/media?parent=117875"}],"wp:term":[{"taxonomy":"category","embeddable":true,"href":"https:\/\/eldiariodesanpedro.com.ar\/sitio\/wp-json\/wp\/v2\/categories?post=117875"},{"taxonomy":"post_tag","embeddable":true,"href":"https:\/\/eldiariodesanpedro.com.ar\/sitio\/wp-json\/wp\/v2\/tags?post=117875"}],"curies":[{"name":"wp","href":"https:\/\/api.w.org\/{rel}","templated":true}]}}