{"id":117872,"date":"2023-05-08T10:05:35","date_gmt":"2023-05-08T13:05:35","guid":{"rendered":"https:\/\/eldiariodesanpedro.com.ar\/sitio\/?p=117872"},"modified":"2023-05-08T10:05:37","modified_gmt":"2023-05-08T13:05:37","slug":"san-pedro-es-parte-del-programa-ciudades-del-conocimiento","status":"publish","type":"post","link":"https:\/\/eldiariodesanpedro.com.ar\/sitio\/san-pedro-es-parte-del-programa-ciudades-del-conocimiento\/","title":{"rendered":"San Pedro es parte del Programa \u201cCiudades del Conocimiento\u201d"},"content":{"rendered":"<!-- VideographyWP Plugin Message: Automatic video embedding prevented by plugin options. -->\n\n<p>Como integrante del programa Ciudades del Conocimiento, la ciudad de San Pedro particip\u00f3 el jueves 4 de mayo del lanzamiento de la edici\u00f3n 2023 de esta iniciativa. El encuentro tuvo lugar en las oficinas de la empresa NEC en Buenos Aires, una de las organizaciones aliadas junto a Santander, Accenture, Matific, Cessi, Argencon y Lartirigoyen.<\/p>\n\n\n\n<p>La bienvenida estuvo a cargo de la directora ejecutiva, Delfina Irazusta y de la coordinadora del programa, Camila Alanis. Luego brind\u00f3 unas palabras el director Comercial de NEC Argentina, Cristian Hum, tras lo cual la experta Romina Gay\u00e1 comparti\u00f3 detalles de su trabajo sobre \u201cCien nuevas ciudades del conocimiento\u201d. A su turno, los representantes de cada una de las entidades aliadas presentaron sus l\u00edneas de trabajo.<\/p>\n\n\n\n<p>Participaron representando a cada ciudad miembros de equipos de gobierno y autoridades locales. San Pedro estuvo representado por el Secretario Coordinador del Consejo Provincial de Educaci\u00f3n y Trabajo Prof. Alan Ocampo. La jornada culmin\u00f3 con un almuerzo donde se intercambiaron perspectivas en torno al desarrollo de las capacidades para convertirse en una \u201cciudad del conocimiento\u201d que cada una ha logrado o perfila para sus comunidades.<\/p>\n\n\n\n<p>El encuentro tuvo por objetivo recibir a las nuevas ciudades que este a\u00f1o estar\u00e1n dando inicio al desarrollo de sus estrategias en torno a la econom\u00eda del conocimiento con el objetivo de brindar m\u00e1s oportunidades a su ciudadan\u00eda: Mar del Plata (Buenos Aires); General Juan Madariaga (Buenos Aires); San Pedro (Buenos Aires.); Pergamino (Buenos Aires); San Justo (Santa Fe); Paran\u00e1 (Entre R\u00edos); Escobar (Buenos Aires); Libertador General San Mart\u00edn (Jujuy) y Rosario&nbsp;(Santa&nbsp;Fe)<\/p>\n","protected":false},"excerpt":{"rendered":"<p>Como integrante del programa Ciudades del Conocimiento, la ciudad de San Pedro particip\u00f3 el jueves 4 de mayo del lanzamiento de la edici\u00f3n 2023 de esta iniciativa. El encuentro tuvo lugar en las oficinas de la empresa NEC en Buenos Aires, una de las organizaciones aliadas junto a Santander, Accenture, Matific, Cessi, Argencon y Lartirigoyen. [&hellip;]<\/p>\n","protected":false},"author":4,"featured_media":117873,"comment_status":"closed","ping_status":"closed","sticky":false,"template":"","format":"standard","meta":{"om_disable_all_campaigns":false,"_jetpack_memberships_contains_paid_content":false,"footnotes":""},"categories":[50,101,2],"tags":[197,696,33,19],"class_list":["post-117872","post","type-post","status-publish","format-standard","has-post-thumbnail","hentry","category-destacadas","category-interes-general-locales","category-locales","tag-buenos-aires","tag-interes-general","tag-locales","tag-san-pedro"],"aioseo_notices":[],"gutentor_comment":0,"jetpack_featured_media_url":"https:\/\/eldiariodesanpedro.com.ar\/sitio\/wp-content\/uploads\/2023\/05\/Imagen-de-WhatsApp-2023-05-08-a-las-08.36.00.jpg","jetpack_shortlink":"https:\/\/wp.me\/p6RhLt-uFa","jetpack_sharing_enabled":true,"_links":{"self":[{"href":"https:\/\/eldiariodesanpedro.com.ar\/sitio\/wp-json\/wp\/v2\/posts\/117872","targetHints":{"allow":["GET"]}}],"collection":[{"href":"https:\/\/eldiariodesanpedro.com.ar\/sitio\/wp-json\/wp\/v2\/posts"}],"about":[{"href":"https:\/\/eldiariodesanpedro.com.ar\/sitio\/wp-json\/wp\/v2\/types\/post"}],"author":[{"embeddable":true,"href":"https:\/\/eldiariodesanpedro.com.ar\/sitio\/wp-json\/wp\/v2\/users\/4"}],"replies":[{"embeddable":true,"href":"https:\/\/eldiariodesanpedro.com.ar\/sitio\/wp-json\/wp\/v2\/comments?post=117872"}],"version-history":[{"count":1,"href":"https:\/\/eldiariodesanpedro.com.ar\/sitio\/wp-json\/wp\/v2\/posts\/117872\/revisions"}],"predecessor-version":[{"id":117874,"href":"https:\/\/eldiariodesanpedro.com.ar\/sitio\/wp-json\/wp\/v2\/posts\/117872\/revisions\/117874"}],"wp:featuredmedia":[{"embeddable":true,"href":"https:\/\/eldiariodesanpedro.com.ar\/sitio\/wp-json\/wp\/v2\/media\/117873"}],"wp:attachment":[{"href":"https:\/\/eldiariodesanpedro.com.ar\/sitio\/wp-json\/wp\/v2\/media?parent=117872"}],"wp:term":[{"taxonomy":"category","embeddable":true,"href":"https:\/\/eldiariodesanpedro.com.ar\/sitio\/wp-json\/wp\/v2\/categories?post=117872"},{"taxonomy":"post_tag","embeddable":true,"href":"https:\/\/eldiariodesanpedro.com.ar\/sitio\/wp-json\/wp\/v2\/tags?post=117872"}],"curies":[{"name":"wp","href":"https:\/\/api.w.org\/{rel}","templated":true}]}}