{"id":117800,"date":"2023-05-04T21:37:59","date_gmt":"2023-05-05T00:37:59","guid":{"rendered":"https:\/\/eldiariodesanpedro.com.ar\/sitio\/?p=117800"},"modified":"2023-05-04T21:38:00","modified_gmt":"2023-05-05T00:38:00","slug":"edicto-de-sucesion-de-gallo-angel-roberto","status":"publish","type":"post","link":"https:\/\/eldiariodesanpedro.com.ar\/sitio\/edicto-de-sucesion-de-gallo-angel-roberto\/","title":{"rendered":"Edicto de Sucesi\u00f3n de Gallo \u00c1ngel Roberto"},"content":{"rendered":"<!-- VideographyWP Plugin Message: Automatic video embedding prevented by plugin options. -->\n\n<p>El Se\u00f1or Juez a cargo del Juzgado de Primera Instancia en lo Civil y Comercial Nro. 2 del Departamento Judicial de San Nicol\u00e1s cita y emplaza por el t\u00e9rmino de treinta d\u00edas a herederos y acreedores de <strong>Gallo Angel Roberto<\/strong>.- San Nicol\u00e1s, 28 de febrero de 2023.&nbsp;<\/p>\n\n\n\n<p>ABOGADO SECRETARIO<\/p>\n\n\n\n<p>(Publicaci\u00f3n V\u00e1lida por el d\u00eda 04, 05 y 06 de mayo de 2023)<\/p>\n","protected":false},"excerpt":{"rendered":"<p>El Se\u00f1or Juez a cargo del Juzgado de Primera Instancia en lo Civil y Comercial Nro. 2 del Departamento Judicial de San Nicol\u00e1s cita y emplaza por el t\u00e9rmino de treinta d\u00edas a herederos y acreedores de Gallo Angel Roberto.- San Nicol\u00e1s, 28 de febrero de 2023.&nbsp; ABOGADO SECRETARIO (Publicaci\u00f3n V\u00e1lida por el d\u00eda 04, [&hellip;]<\/p>\n","protected":false},"author":4,"featured_media":102746,"comment_status":"closed","ping_status":"closed","sticky":false,"template":"","format":"standard","meta":{"om_disable_all_campaigns":false,"_jetpack_memberships_contains_paid_content":false,"footnotes":""},"categories":[676,677],"tags":[3916,1355,1122],"class_list":["post-117800","post","type-post","status-publish","format-standard","has-post-thumbnail","hentry","category-edictos","category-edictos-sucesorios","tag-edicto-de-sucesion-de-gallo-angel-roberto","tag-judiciales","tag-sucesion"],"aioseo_notices":[],"gutentor_comment":0,"jetpack_featured_media_url":"https:\/\/eldiariodesanpedro.com.ar\/sitio\/wp-content\/uploads\/2022\/01\/EDICTO.jpg","jetpack_shortlink":"https:\/\/wp.me\/p6RhLt-uE0","jetpack_sharing_enabled":true,"_links":{"self":[{"href":"https:\/\/eldiariodesanpedro.com.ar\/sitio\/wp-json\/wp\/v2\/posts\/117800","targetHints":{"allow":["GET"]}}],"collection":[{"href":"https:\/\/eldiariodesanpedro.com.ar\/sitio\/wp-json\/wp\/v2\/posts"}],"about":[{"href":"https:\/\/eldiariodesanpedro.com.ar\/sitio\/wp-json\/wp\/v2\/types\/post"}],"author":[{"embeddable":true,"href":"https:\/\/eldiariodesanpedro.com.ar\/sitio\/wp-json\/wp\/v2\/users\/4"}],"replies":[{"embeddable":true,"href":"https:\/\/eldiariodesanpedro.com.ar\/sitio\/wp-json\/wp\/v2\/comments?post=117800"}],"version-history":[{"count":1,"href":"https:\/\/eldiariodesanpedro.com.ar\/sitio\/wp-json\/wp\/v2\/posts\/117800\/revisions"}],"predecessor-version":[{"id":117801,"href":"https:\/\/eldiariodesanpedro.com.ar\/sitio\/wp-json\/wp\/v2\/posts\/117800\/revisions\/117801"}],"wp:featuredmedia":[{"embeddable":true,"href":"https:\/\/eldiariodesanpedro.com.ar\/sitio\/wp-json\/wp\/v2\/media\/102746"}],"wp:attachment":[{"href":"https:\/\/eldiariodesanpedro.com.ar\/sitio\/wp-json\/wp\/v2\/media?parent=117800"}],"wp:term":[{"taxonomy":"category","embeddable":true,"href":"https:\/\/eldiariodesanpedro.com.ar\/sitio\/wp-json\/wp\/v2\/categories?post=117800"},{"taxonomy":"post_tag","embeddable":true,"href":"https:\/\/eldiariodesanpedro.com.ar\/sitio\/wp-json\/wp\/v2\/tags?post=117800"}],"curies":[{"name":"wp","href":"https:\/\/api.w.org\/{rel}","templated":true}]}}