{"id":117769,"date":"2023-05-04T14:11:03","date_gmt":"2023-05-04T17:11:03","guid":{"rendered":"https:\/\/eldiariodesanpedro.com.ar\/sitio\/?p=117769"},"modified":"2023-05-04T14:11:05","modified_gmt":"2023-05-04T17:11:05","slug":"jornada-de-difusion-de-politicas-de-empleo-para-el-colectivo-lgbtiq-en-san-pedro","status":"publish","type":"post","link":"https:\/\/eldiariodesanpedro.com.ar\/sitio\/jornada-de-difusion-de-politicas-de-empleo-para-el-colectivo-lgbtiq-en-san-pedro\/","title":{"rendered":"Jornada de difusi\u00f3n de Pol\u00edticas de Empleo para el colectivo LGBTIQ+ en San Pedro"},"content":{"rendered":"<!-- VideographyWP Plugin Message: Automatic video embedding prevented by plugin options. -->\n\n<p>La Secretar\u00eda de Pol\u00edticas de G\u00e9nero, Mujeres y Diversidad de la Municipalidad de San Pedro y la Oficina de Empleo, en colaboraci\u00f3n con la delegaci\u00f3n local del Ministerio de Trabajo del gobierno de la Provincia de Buenos Aires, han organizado una jornada de difusi\u00f3n de Pol\u00edticas de Empleo dirigida a miembros del colectivo LGBTIQ+.<\/p>\n\n\n\n<p>El evento tendr\u00e1 lugar el pr\u00f3ximo martes 9 en el Centro Cultural Abelardo Castillo desde las 10.00 horas. Adem\u00e1s, ANSES y el Ministerio de Desarrollo Social de la Naci\u00f3n tambi\u00e9n estar\u00e1n presentes. Durante la reuni\u00f3n, se espera que autoridades ministeriales y municipales expliquen los alcances del Registro Diana Sacay\u00e1n (Ley 14.783), el Cupo e inclusi\u00f3n laboral, la Ley ALAS (Ley 13.136), el Monotributo Social y el Monotributo&nbsp;Unificado.<\/p>\n\n\n\n<p>La jornada tiene como objetivo difundir pol\u00edticas de empleo que promuevan la inclusi\u00f3n laboral y el respeto a los derechos del colectivo LGBTIQ+. Se espera que la reuni\u00f3n sea un espacio para el intercambio de informaci\u00f3n y experiencias, y que fomente el desarrollo de nuevas ideas para el avance de la inclusi\u00f3n y la igualdad de oportunidades en el \u00e1mbito laboral.<\/p>\n\n\n\n<p>La participaci\u00f3n en la jornada es gratuita y abierta al p\u00fablico en general. Se espera una importante convocatoria de miembros del colectivo LGBTIQ+ y de organizaciones sociales y comunitarias que trabajan en la promoci\u00f3n de los derechos de las minor\u00edas sexuales. <\/p>\n","protected":false},"excerpt":{"rendered":"<p>La Secretar\u00eda de Pol\u00edticas de G\u00e9nero, Mujeres y Diversidad de la Municipalidad de San Pedro y la Oficina de Empleo, en colaboraci\u00f3n con la delegaci\u00f3n local del Ministerio de Trabajo del gobierno de la Provincia de Buenos Aires, han organizado una jornada de difusi\u00f3n de Pol\u00edticas de Empleo dirigida a miembros del colectivo LGBTIQ+. El [&hellip;]<\/p>\n","protected":false},"author":4,"featured_media":117770,"comment_status":"closed","ping_status":"closed","sticky":false,"template":"","format":"standard","meta":{"om_disable_all_campaigns":false,"_jetpack_memberships_contains_paid_content":false,"footnotes":""},"categories":[101,2],"tags":[197,696,3906,33,19],"class_list":["post-117769","post","type-post","status-publish","format-standard","has-post-thumbnail","hentry","category-interes-general-locales","category-locales","tag-buenos-aires","tag-interes-general","tag-jornada-de-difusion-de-politicas-de-empleo-para-el-colectivo-lgbtiq-en-san-pedro","tag-locales","tag-san-pedro"],"aioseo_notices":[],"gutentor_comment":0,"jetpack_featured_media_url":"https:\/\/eldiariodesanpedro.com.ar\/sitio\/wp-content\/uploads\/2023\/05\/empleo-lgbtqi-828x548-1.jpg","jetpack_shortlink":"https:\/\/wp.me\/p6RhLt-uDv","jetpack_sharing_enabled":true,"_links":{"self":[{"href":"https:\/\/eldiariodesanpedro.com.ar\/sitio\/wp-json\/wp\/v2\/posts\/117769","targetHints":{"allow":["GET"]}}],"collection":[{"href":"https:\/\/eldiariodesanpedro.com.ar\/sitio\/wp-json\/wp\/v2\/posts"}],"about":[{"href":"https:\/\/eldiariodesanpedro.com.ar\/sitio\/wp-json\/wp\/v2\/types\/post"}],"author":[{"embeddable":true,"href":"https:\/\/eldiariodesanpedro.com.ar\/sitio\/wp-json\/wp\/v2\/users\/4"}],"replies":[{"embeddable":true,"href":"https:\/\/eldiariodesanpedro.com.ar\/sitio\/wp-json\/wp\/v2\/comments?post=117769"}],"version-history":[{"count":1,"href":"https:\/\/eldiariodesanpedro.com.ar\/sitio\/wp-json\/wp\/v2\/posts\/117769\/revisions"}],"predecessor-version":[{"id":117771,"href":"https:\/\/eldiariodesanpedro.com.ar\/sitio\/wp-json\/wp\/v2\/posts\/117769\/revisions\/117771"}],"wp:featuredmedia":[{"embeddable":true,"href":"https:\/\/eldiariodesanpedro.com.ar\/sitio\/wp-json\/wp\/v2\/media\/117770"}],"wp:attachment":[{"href":"https:\/\/eldiariodesanpedro.com.ar\/sitio\/wp-json\/wp\/v2\/media?parent=117769"}],"wp:term":[{"taxonomy":"category","embeddable":true,"href":"https:\/\/eldiariodesanpedro.com.ar\/sitio\/wp-json\/wp\/v2\/categories?post=117769"},{"taxonomy":"post_tag","embeddable":true,"href":"https:\/\/eldiariodesanpedro.com.ar\/sitio\/wp-json\/wp\/v2\/tags?post=117769"}],"curies":[{"name":"wp","href":"https:\/\/api.w.org\/{rel}","templated":true}]}}