{"id":117740,"date":"2023-05-03T20:58:18","date_gmt":"2023-05-03T23:58:18","guid":{"rendered":"https:\/\/eldiariodesanpedro.com.ar\/sitio\/?p=117740"},"modified":"2023-05-03T20:58:20","modified_gmt":"2023-05-03T23:58:20","slug":"edicto-de-sucesion-de-vieyra-virginio-celestino-y-valentin-clara-julia","status":"publish","type":"post","link":"https:\/\/eldiariodesanpedro.com.ar\/sitio\/edicto-de-sucesion-de-vieyra-virginio-celestino-y-valentin-clara-julia\/","title":{"rendered":"Edicto de Sucesi\u00f3n de Vieyra Virginio Celestino y Valentin Clara Julia"},"content":{"rendered":"<!-- VideographyWP Plugin Message: Automatic video embedding prevented by plugin options. -->\n\n<p>El Juzgado Civil y Comercial N\u00b0 2, Secretar\u00eda \u00danica, San Nicol\u00e1s, cita y emplaza por treinta (30) d\u00edas a herederos y acreedores de <strong>Vieyra Virginio Celestino y Valentin Clara Julia<\/strong>.- San Nicol\u00e1s de los Arroyos, 30 de Marzo de 2023.-&nbsp;<\/p>\n\n\n\n<p>COLOMBO MARCELO<br>AUXILIAR LETRADO<\/p>\n\n\n\n<p>(Publicaci\u00f3n V\u00e1lida por el d\u00eda 03, 04 y 05 de mayo de 2023)<\/p>\n","protected":false},"excerpt":{"rendered":"<p>El Juzgado Civil y Comercial N\u00b0 2, Secretar\u00eda \u00danica, San Nicol\u00e1s, cita y emplaza por treinta (30) d\u00edas a herederos y acreedores de Vieyra Virginio Celestino y Valentin Clara Julia.- San Nicol\u00e1s de los Arroyos, 30 de Marzo de 2023.-&nbsp; COLOMBO MARCELOAUXILIAR LETRADO (Publicaci\u00f3n V\u00e1lida por el d\u00eda 03, 04 y 05 de mayo de [&hellip;]<\/p>\n","protected":false},"author":4,"featured_media":102746,"comment_status":"closed","ping_status":"closed","sticky":false,"template":"","format":"standard","meta":{"om_disable_all_campaigns":false,"_jetpack_memberships_contains_paid_content":false,"footnotes":""},"categories":[676,677],"tags":[197,3901,1355,1122],"class_list":["post-117740","post","type-post","status-publish","format-standard","has-post-thumbnail","hentry","category-edictos","category-edictos-sucesorios","tag-buenos-aires","tag-edicto-de-sucesion-de-vieyra-virginio-celestino-y-valentin-clara-julia","tag-judiciales","tag-sucesion"],"aioseo_notices":[],"gutentor_comment":0,"jetpack_featured_media_url":"https:\/\/eldiariodesanpedro.com.ar\/sitio\/wp-content\/uploads\/2022\/01\/EDICTO.jpg","jetpack_shortlink":"https:\/\/wp.me\/p6RhLt-uD2","jetpack_sharing_enabled":true,"_links":{"self":[{"href":"https:\/\/eldiariodesanpedro.com.ar\/sitio\/wp-json\/wp\/v2\/posts\/117740","targetHints":{"allow":["GET"]}}],"collection":[{"href":"https:\/\/eldiariodesanpedro.com.ar\/sitio\/wp-json\/wp\/v2\/posts"}],"about":[{"href":"https:\/\/eldiariodesanpedro.com.ar\/sitio\/wp-json\/wp\/v2\/types\/post"}],"author":[{"embeddable":true,"href":"https:\/\/eldiariodesanpedro.com.ar\/sitio\/wp-json\/wp\/v2\/users\/4"}],"replies":[{"embeddable":true,"href":"https:\/\/eldiariodesanpedro.com.ar\/sitio\/wp-json\/wp\/v2\/comments?post=117740"}],"version-history":[{"count":1,"href":"https:\/\/eldiariodesanpedro.com.ar\/sitio\/wp-json\/wp\/v2\/posts\/117740\/revisions"}],"predecessor-version":[{"id":117741,"href":"https:\/\/eldiariodesanpedro.com.ar\/sitio\/wp-json\/wp\/v2\/posts\/117740\/revisions\/117741"}],"wp:featuredmedia":[{"embeddable":true,"href":"https:\/\/eldiariodesanpedro.com.ar\/sitio\/wp-json\/wp\/v2\/media\/102746"}],"wp:attachment":[{"href":"https:\/\/eldiariodesanpedro.com.ar\/sitio\/wp-json\/wp\/v2\/media?parent=117740"}],"wp:term":[{"taxonomy":"category","embeddable":true,"href":"https:\/\/eldiariodesanpedro.com.ar\/sitio\/wp-json\/wp\/v2\/categories?post=117740"},{"taxonomy":"post_tag","embeddable":true,"href":"https:\/\/eldiariodesanpedro.com.ar\/sitio\/wp-json\/wp\/v2\/tags?post=117740"}],"curies":[{"name":"wp","href":"https:\/\/api.w.org\/{rel}","templated":true}]}}